{"id":125116,"date":"2024-01-11T13:43:32","date_gmt":"2024-01-11T16:43:32","guid":{"rendered":"https:\/\/eldiariodesanpedro.com.ar\/sitio\/?p=125116"},"modified":"2024-01-11T13:43:35","modified_gmt":"2024-01-11T16:43:35","slug":"difundieron-los-detalles-de-la-fiesta-del-durazno-de-gobernador-castro","status":"publish","type":"post","link":"https:\/\/eldiariodesanpedro.com.ar\/sitio\/difundieron-los-detalles-de-la-fiesta-del-durazno-de-gobernador-castro\/","title":{"rendered":"Difundieron los detalles de la Fiesta del Durazno de Gobernador Castro"},"content":{"rendered":"<!-- VideographyWP Plugin Message: Automatic video embedding prevented by plugin options. -->\n\n<p>Autoridades municipales y del Club Agricultores de Gobernador Castro presentaron hoy los detalles de la 24a edici\u00f3n de la Fiesta Provincial del Durazno y la Producci\u00f3n de Gobernador Castro.&nbsp;<\/p>\n\n\n\n<p>Estuvieron presentes el Director de Cultura, David Kurlat; la Directora de Turismo, Estefan\u00eda Bona Laserna; el Coordinador de Producci\u00f3n, Hugo Ram\u00edrez y el Presidente del Club Agricultores de Gobernador Castro, Marcelo Faccio.<a><\/a><\/p>\n\n\n\n<p>La actividad, en el predio de la instituci\u00f3n, comenzar\u00e1 a las 20 horas del s\u00e1bado, con m\u00fasica en vivo, danzas y actividades art\u00edsticas.&nbsp;<\/p>\n\n\n\n<p>Adem\u00e1s, se elegir\u00e1n los embajadores y las embajadoras y se premiar\u00e1 la producci\u00f3n.<\/p>\n\n\n\n<p>Las entradas se venden anticipadas en la Casona de Turismo de Mitre y Liniers, en la Delegaci\u00f3n Municipal de Gobernador Castro y en el Club Agricultores con un valor de $1500 y en la puerta del predio tendr\u00e1n un costo de $3000 y $500 para menores.<\/p>\n\n\n\n<p>Los interesados en inscribirse para utilizar el transporte gratuito pueden hacerlo en la Casona de Turismo, desde donde saldr\u00e1 el d\u00eda del evento o a trav\u00e9s del tel\u00e9fono (03329) 644042.\u00a0<\/p>\n\n\n\n<p><strong><em>Grilla programada<\/em><\/strong><br>Apertura de la fiesta<br>Bendici\u00f3n de frutos a cargo del padre Jes\u00fas<br>Ballet folkl\u00f3rico Sembrando Sue\u00f1os (Gdor. Castro)<br>Herencia Folkl\u00f3rica (Joaqu\u00edn P\u00e9rez &#8211; Gdor. Castro)<br>Primera pasada de postulantes<br>Ballet folkl\u00f3rico A\u00f1oranza (Gdor. Castro)<br>Carlos Escobar y su conjunto (Gdor. Castro)<br>\u201cYo Te Avis\u00e9\u201d &#8211; Tributo a Los Fabulosos Cadillacs<br>Premiaci\u00f3n del certamen del durazno<br>Yuyo Gonzalo<br>2\u00aa pasada postulantes\u00a0<br>Los Lirios<br>Elecci\u00f3n de Embajadores<br>La 22 (cierre)<\/p>\n\n\n\n<figure class=\"wp-block-image size-full\"><img decoding=\"async\" width=\"840\" height=\"630\" data-attachment-id=\"125119\" data-permalink=\"https:\/\/eldiariodesanpedro.com.ar\/sitio\/difundieron-los-detalles-de-la-fiesta-del-durazno-de-gobernador-castro\/imagen-de-whatsapp-2024-01-10-a-las-14-03-02_e75e1dca\/\" data-orig-file=\"https:\/\/eldiariodesanpedro.com.ar\/sitio\/wp-content\/uploads\/2024\/01\/Imagen-de-WhatsApp-2024-01-10-a-las-14.03.02_e75e1dca.jpg\" data-orig-size=\"840,630\" data-comments-opened=\"0\" data-image-meta=\"{&quot;aperture&quot;:&quot;0&quot;,&quot;credit&quot;:&quot;&quot;,&quot;camera&quot;:&quot;&quot;,&quot;caption&quot;:&quot;&quot;,&quot;created_timestamp&quot;:&quot;0&quot;,&quot;copyright&quot;:&quot;&quot;,&quot;focal_length&quot;:&quot;0&quot;,&quot;iso&quot;:&quot;0&quot;,&quot;shutter_speed&quot;:&quot;0&quot;,&quot;title&quot;:&quot;&quot;,&quot;orientation&quot;:&quot;0&quot;}\" data-image-title=\"Imagen de WhatsApp 2024-01-10 a las 14.03.02_e75e1dca\" data-image-description=\"\" data-image-caption=\"\" data-large-file=\"https:\/\/eldiariodesanpedro.com.ar\/sitio\/wp-content\/uploads\/2024\/01\/Imagen-de-WhatsApp-2024-01-10-a-las-14.03.02_e75e1dca.jpg\" data-src=\"https:\/\/eldiariodesanpedro.com.ar\/sitio\/wp-content\/uploads\/2024\/01\/Imagen-de-WhatsApp-2024-01-10-a-las-14.03.02_e75e1dca.jpg\" alt=\"\" class=\"wp-image-125119 lazyload\" data-srcset=\"https:\/\/eldiariodesanpedro.com.ar\/sitio\/wp-content\/uploads\/2024\/01\/Imagen-de-WhatsApp-2024-01-10-a-las-14.03.02_e75e1dca.jpg 840w, https:\/\/eldiariodesanpedro.com.ar\/sitio\/wp-content\/uploads\/2024\/01\/Imagen-de-WhatsApp-2024-01-10-a-las-14.03.02_e75e1dca-300x225.jpg 300w, https:\/\/eldiariodesanpedro.com.ar\/sitio\/wp-content\/uploads\/2024\/01\/Imagen-de-WhatsApp-2024-01-10-a-las-14.03.02_e75e1dca-768x576.jpg 768w, https:\/\/eldiariodesanpedro.com.ar\/sitio\/wp-content\/uploads\/2024\/01\/Imagen-de-WhatsApp-2024-01-10-a-las-14.03.02_e75e1dca-272x204.jpg 272w\" data-sizes=\"(max-width: 840px) 100vw, 840px\" src=\"data:image\/svg+xml;base64,PHN2ZyB3aWR0aD0iMSIgaGVpZ2h0PSIxIiB4bWxucz0iaHR0cDovL3d3dy53My5vcmcvMjAwMC9zdmciPjwvc3ZnPg==\" style=\"--smush-placeholder-width: 840px; --smush-placeholder-aspect-ratio: 840\/630;\" \/><\/figure>\n\n\n\n<p><\/p>\n\n\n\n<figure class=\"wp-block-image size-full is-resized\"><img decoding=\"async\" width=\"471\" height=\"630\" data-attachment-id=\"125120\" data-permalink=\"https:\/\/eldiariodesanpedro.com.ar\/sitio\/difundieron-los-detalles-de-la-fiesta-del-durazno-de-gobernador-castro\/imagen-de-whatsapp-2024-01-10-a-las-14-03-03_d290c891\/\" data-orig-file=\"https:\/\/eldiariodesanpedro.com.ar\/sitio\/wp-content\/uploads\/2024\/01\/Imagen-de-WhatsApp-2024-01-10-a-las-14.03.03_d290c891.jpg\" data-orig-size=\"471,630\" data-comments-opened=\"0\" data-image-meta=\"{&quot;aperture&quot;:&quot;0&quot;,&quot;credit&quot;:&quot;&quot;,&quot;camera&quot;:&quot;&quot;,&quot;caption&quot;:&quot;&quot;,&quot;created_timestamp&quot;:&quot;0&quot;,&quot;copyright&quot;:&quot;&quot;,&quot;focal_length&quot;:&quot;0&quot;,&quot;iso&quot;:&quot;0&quot;,&quot;shutter_speed&quot;:&quot;0&quot;,&quot;title&quot;:&quot;&quot;,&quot;orientation&quot;:&quot;0&quot;}\" data-image-title=\"Imagen de WhatsApp 2024-01-10 a las 14.03.03_d290c891\" data-image-description=\"\" data-image-caption=\"\" data-large-file=\"https:\/\/eldiariodesanpedro.com.ar\/sitio\/wp-content\/uploads\/2024\/01\/Imagen-de-WhatsApp-2024-01-10-a-las-14.03.03_d290c891.jpg\" data-src=\"https:\/\/eldiariodesanpedro.com.ar\/sitio\/wp-content\/uploads\/2024\/01\/Imagen-de-WhatsApp-2024-01-10-a-las-14.03.03_d290c891.jpg\" alt=\"\" class=\"wp-image-125120 lazyload\" style=\"--smush-placeholder-width: 471px; --smush-placeholder-aspect-ratio: 471\/630;aspect-ratio:0.7476190476190476;width:840px;height:auto\" data-srcset=\"https:\/\/eldiariodesanpedro.com.ar\/sitio\/wp-content\/uploads\/2024\/01\/Imagen-de-WhatsApp-2024-01-10-a-las-14.03.03_d290c891.jpg 471w, https:\/\/eldiariodesanpedro.com.ar\/sitio\/wp-content\/uploads\/2024\/01\/Imagen-de-WhatsApp-2024-01-10-a-las-14.03.03_d290c891-224x300.jpg 224w\" data-sizes=\"(max-width: 471px) 100vw, 471px\" src=\"data:image\/svg+xml;base64,PHN2ZyB3aWR0aD0iMSIgaGVpZ2h0PSIxIiB4bWxucz0iaHR0cDovL3d3dy53My5vcmcvMjAwMC9zdmciPjwvc3ZnPg==\" \/><\/figure>\n\n\n\n<p><\/p>\n\n\n\n<figure class=\"wp-block-image size-full\"><img decoding=\"async\" width=\"504\" height=\"630\" data-attachment-id=\"125117\" data-permalink=\"https:\/\/eldiariodesanpedro.com.ar\/sitio\/difundieron-los-detalles-de-la-fiesta-del-durazno-de-gobernador-castro\/imagen-de-whatsapp-2024-01-10-a-las-14-03-00_3cb45457\/\" data-orig-file=\"https:\/\/eldiariodesanpedro.com.ar\/sitio\/wp-content\/uploads\/2024\/01\/Imagen-de-WhatsApp-2024-01-10-a-las-14.03.00_3cb45457.jpg\" data-orig-size=\"504,630\" data-comments-opened=\"0\" data-image-meta=\"{&quot;aperture&quot;:&quot;0&quot;,&quot;credit&quot;:&quot;&quot;,&quot;camera&quot;:&quot;&quot;,&quot;caption&quot;:&quot;&quot;,&quot;created_timestamp&quot;:&quot;0&quot;,&quot;copyright&quot;:&quot;&quot;,&quot;focal_length&quot;:&quot;0&quot;,&quot;iso&quot;:&quot;0&quot;,&quot;shutter_speed&quot;:&quot;0&quot;,&quot;title&quot;:&quot;&quot;,&quot;orientation&quot;:&quot;0&quot;}\" data-image-title=\"Imagen de WhatsApp 2024-01-10 a las 14.03.00_3cb45457\" data-image-description=\"\" data-image-caption=\"\" data-large-file=\"https:\/\/eldiariodesanpedro.com.ar\/sitio\/wp-content\/uploads\/2024\/01\/Imagen-de-WhatsApp-2024-01-10-a-las-14.03.00_3cb45457.jpg\" data-src=\"https:\/\/eldiariodesanpedro.com.ar\/sitio\/wp-content\/uploads\/2024\/01\/Imagen-de-WhatsApp-2024-01-10-a-las-14.03.00_3cb45457.jpg\" alt=\"\" class=\"wp-image-125117 lazyload\" data-srcset=\"https:\/\/eldiariodesanpedro.com.ar\/sitio\/wp-content\/uploads\/2024\/01\/Imagen-de-WhatsApp-2024-01-10-a-las-14.03.00_3cb45457.jpg 504w, https:\/\/eldiariodesanpedro.com.ar\/sitio\/wp-content\/uploads\/2024\/01\/Imagen-de-WhatsApp-2024-01-10-a-las-14.03.00_3cb45457-240x300.jpg 240w\" data-sizes=\"(max-width: 504px) 100vw, 504px\" src=\"data:image\/svg+xml;base64,PHN2ZyB3aWR0aD0iMSIgaGVpZ2h0PSIxIiB4bWxucz0iaHR0cDovL3d3dy53My5vcmcvMjAwMC9zdmciPjwvc3ZnPg==\" style=\"--smush-placeholder-width: 504px; --smush-placeholder-aspect-ratio: 504\/630;\" \/><\/figure>\n","protected":false},"excerpt":{"rendered":"<p>Autoridades municipales y del Club Agricultores de Gobernador Castro presentaron hoy los detalles de la 24a edici\u00f3n de la Fiesta Provincial del Durazno y la Producci\u00f3n de Gobernador Castro.&nbsp; Estuvieron presentes el Director de Cultura, David Kurlat; la Directora de Turismo, Estefan\u00eda Bona Laserna; el Coordinador de Producci\u00f3n, Hugo Ram\u00edrez y el Presidente del Club [&hellip;]<\/p>\n","protected":false},"author":4,"featured_media":125118,"comment_status":"closed","ping_status":"closed","sticky":false,"template":"","format":"standard","meta":{"om_disable_all_campaigns":false,"_jetpack_memberships_contains_paid_content":false,"footnotes":""},"categories":[50,101,2],"tags":[197,696,33,19],"class_list":["post-125116","post","type-post","status-publish","format-standard","has-post-thumbnail","hentry","category-destacadas","category-interes-general-locales","category-locales","tag-buenos-aires","tag-interes-general","tag-locales","tag-san-pedro"],"aioseo_notices":[],"gutentor_comment":0,"jetpack_featured_media_url":"https:\/\/eldiariodesanpedro.com.ar\/sitio\/wp-content\/uploads\/2024\/01\/Imagen-de-WhatsApp-2024-01-10-a-las-14.03.02_a4d3053f.jpg","jetpack_shortlink":"https:\/\/wp.me\/p6RhLt-wy0","jetpack_sharing_enabled":true,"_links":{"self":[{"href":"https:\/\/eldiariodesanpedro.com.ar\/sitio\/wp-json\/wp\/v2\/posts\/125116","targetHints":{"allow":["GET"]}}],"collection":[{"href":"https:\/\/eldiariodesanpedro.com.ar\/sitio\/wp-json\/wp\/v2\/posts"}],"about":[{"href":"https:\/\/eldiariodesanpedro.com.ar\/sitio\/wp-json\/wp\/v2\/types\/post"}],"author":[{"embeddable":true,"href":"https:\/\/eldiariodesanpedro.com.ar\/sitio\/wp-json\/wp\/v2\/users\/4"}],"replies":[{"embeddable":true,"href":"https:\/\/eldiariodesanpedro.com.ar\/sitio\/wp-json\/wp\/v2\/comments?post=125116"}],"version-history":[{"count":1,"href":"https:\/\/eldiariodesanpedro.com.ar\/sitio\/wp-json\/wp\/v2\/posts\/125116\/revisions"}],"predecessor-version":[{"id":125121,"href":"https:\/\/eldiariodesanpedro.com.ar\/sitio\/wp-json\/wp\/v2\/posts\/125116\/revisions\/125121"}],"wp:featuredmedia":[{"embeddable":true,"href":"https:\/\/eldiariodesanpedro.com.ar\/sitio\/wp-json\/wp\/v2\/media\/125118"}],"wp:attachment":[{"href":"https:\/\/eldiariodesanpedro.com.ar\/sitio\/wp-json\/wp\/v2\/media?parent=125116"}],"wp:term":[{"taxonomy":"category","embeddable":true,"href":"https:\/\/eldiariodesanpedro.com.ar\/sitio\/wp-json\/wp\/v2\/categories?post=125116"},{"taxonomy":"post_tag","embeddable":true,"href":"https:\/\/eldiariodesanpedro.com.ar\/sitio\/wp-json\/wp\/v2\/tags?post=125116"}],"curies":[{"name":"wp","href":"https:\/\/api.w.org\/{rel}","templated":true}]}}