{"id":125110,"date":"2024-01-11T12:25:25","date_gmt":"2024-01-11T15:25:25","guid":{"rendered":"https:\/\/eldiariodesanpedro.com.ar\/sitio\/?p=125110"},"modified":"2024-01-11T12:25:27","modified_gmt":"2024-01-11T15:25:27","slug":"robo-una-moto-y-fue-aprehendido-por-la-policia","status":"publish","type":"post","link":"https:\/\/eldiariodesanpedro.com.ar\/sitio\/robo-una-moto-y-fue-aprehendido-por-la-policia\/","title":{"rendered":"Rob\u00f3 una moto y fue aprehendido por la polic\u00eda"},"content":{"rendered":"<!-- VideographyWP Plugin Message: Automatic video embedding prevented by plugin options. -->\n\n<p>Un joven que rob\u00f3 una motocicleta fue identificado y aprehendido por la polic\u00eda en la noche del martes.&nbsp;<\/p>\n\n\n\n<p>El procedimiento tuvo lugar en Cruz Roja y Casella, cuando el ladr\u00f3n, de 20 a\u00f1os, circulaba en la Honda Biz que instantes antes hab\u00eda sustra\u00eddo.&nbsp;<a><\/a><\/p>\n\n\n\n<p>El damnificado por el il\u00edcito, un hombre de 40 a\u00f1os, reconoci\u00f3 al autor del hurto y al veh\u00edculo en el que movilizaba al momento del procedimiento.&nbsp;<\/p>\n\n\n\n<p>Imputado por \u00abHurto y encubrimiento\u00bb, el aprehendido qued\u00f3 a disposici\u00f3n de la Fiscal\u00eda en turno.&nbsp;<\/p>\n","protected":false},"excerpt":{"rendered":"<p>Un joven que rob\u00f3 una motocicleta fue identificado y aprehendido por la polic\u00eda en la noche del martes.&nbsp; El procedimiento tuvo lugar en Cruz Roja y Casella, cuando el ladr\u00f3n, de 20 a\u00f1os, circulaba en la Honda Biz que instantes antes hab\u00eda sustra\u00eddo.&nbsp; El damnificado por el il\u00edcito, un hombre de 40 a\u00f1os, reconoci\u00f3 al [&hellip;]<\/p>\n","protected":false},"author":4,"featured_media":125111,"comment_status":"closed","ping_status":"closed","sticky":false,"template":"","format":"standard","meta":{"om_disable_all_campaigns":false,"_jetpack_memberships_contains_paid_content":false,"footnotes":""},"categories":[2,103],"tags":[],"class_list":["post-125110","post","type-post","status-publish","format-standard","has-post-thumbnail","hentry","category-locales","category-policiales-locales"],"aioseo_notices":[],"gutentor_comment":0,"jetpack_featured_media_url":"https:\/\/eldiariodesanpedro.com.ar\/sitio\/wp-content\/uploads\/2024\/01\/Robo-moto-y-detencion-.jpg","jetpack_shortlink":"https:\/\/wp.me\/p6RhLt-wxU","jetpack_sharing_enabled":true,"_links":{"self":[{"href":"https:\/\/eldiariodesanpedro.com.ar\/sitio\/wp-json\/wp\/v2\/posts\/125110","targetHints":{"allow":["GET"]}}],"collection":[{"href":"https:\/\/eldiariodesanpedro.com.ar\/sitio\/wp-json\/wp\/v2\/posts"}],"about":[{"href":"https:\/\/eldiariodesanpedro.com.ar\/sitio\/wp-json\/wp\/v2\/types\/post"}],"author":[{"embeddable":true,"href":"https:\/\/eldiariodesanpedro.com.ar\/sitio\/wp-json\/wp\/v2\/users\/4"}],"replies":[{"embeddable":true,"href":"https:\/\/eldiariodesanpedro.com.ar\/sitio\/wp-json\/wp\/v2\/comments?post=125110"}],"version-history":[{"count":1,"href":"https:\/\/eldiariodesanpedro.com.ar\/sitio\/wp-json\/wp\/v2\/posts\/125110\/revisions"}],"predecessor-version":[{"id":125112,"href":"https:\/\/eldiariodesanpedro.com.ar\/sitio\/wp-json\/wp\/v2\/posts\/125110\/revisions\/125112"}],"wp:featuredmedia":[{"embeddable":true,"href":"https:\/\/eldiariodesanpedro.com.ar\/sitio\/wp-json\/wp\/v2\/media\/125111"}],"wp:attachment":[{"href":"https:\/\/eldiariodesanpedro.com.ar\/sitio\/wp-json\/wp\/v2\/media?parent=125110"}],"wp:term":[{"taxonomy":"category","embeddable":true,"href":"https:\/\/eldiariodesanpedro.com.ar\/sitio\/wp-json\/wp\/v2\/categories?post=125110"},{"taxonomy":"post_tag","embeddable":true,"href":"https:\/\/eldiariodesanpedro.com.ar\/sitio\/wp-json\/wp\/v2\/tags?post=125110"}],"curies":[{"name":"wp","href":"https:\/\/api.w.org\/{rel}","templated":true}]}}