{"id":125104,"date":"2024-01-11T12:14:16","date_gmt":"2024-01-11T15:14:16","guid":{"rendered":"https:\/\/eldiariodesanpedro.com.ar\/sitio\/?p=125104"},"modified":"2024-01-11T12:14:18","modified_gmt":"2024-01-11T15:14:18","slug":"quisieron-entrar-a-su-propiedad-vio-al-ladron-por-las-camaras-y-llamo-a-la-policia-pero-no-habia-moviles-por-el-incidente-vecinal","status":"publish","type":"post","link":"https:\/\/eldiariodesanpedro.com.ar\/sitio\/quisieron-entrar-a-su-propiedad-vio-al-ladron-por-las-camaras-y-llamo-a-la-policia-pero-no-habia-moviles-por-el-incidente-vecinal\/","title":{"rendered":"Quisieron entrar a su propiedad, vio al ladr\u00f3n por las c\u00e1maras y llam\u00f3 a la polic\u00eda, pero no hab\u00eda m\u00f3viles por el incidente vecinal"},"content":{"rendered":"<!-- VideographyWP Plugin Message: Automatic video embedding prevented by plugin options. -->\n\n<p>Una residente local comparti\u00f3 en redes sociales la grabaci\u00f3n de un intento de robo registrado por las c\u00e1maras de seguridad en su propiedad ubicada en calle Italia. A pesar de presenciar el incidente en tiempo real mediante el sistema de videovigilancia, al contactar a la polic\u00eda, recibi\u00f3 la respuesta de que no pod\u00edan enviar unidades debido a la asignaci\u00f3n de todos los m\u00f3viles a la contenci\u00f3n de un grave incidente en Sargento Selada y Aul\u00ed.<\/p>\n\n\n\n<p>En la publicaci\u00f3n en redes sociales, la vecina detall\u00f3 la intrusi\u00f3n en su propiedad y la frustrante respuesta de la polic\u00eda, que justific\u00f3 la falta de disponibilidad de unidades debido a un conflicto vecinal en otra \u00e1rea de la ciudad. La preocupaci\u00f3n y la impotencia se reflejan en su relato, expresando la incertidumbre sobre c\u00f3mo proceder ante la situaci\u00f3n.<\/p>\n\n\n\n<p>Posteriormente, la residente confirm\u00f3 que el ladr\u00f3n no logr\u00f3 ingresar a su propiedad, pero s\u00ed accedi\u00f3 a la casa de un vecino. La difusi\u00f3n de la imagen permiti\u00f3 a los afectados identificar al responsable y proporcionar esa informaci\u00f3n a las autoridades policiales. La repetici\u00f3n de situaciones similares ha generado frustraci\u00f3n en la comunidad, a pesar de contar con medidas de seguridad como c\u00e1maras, alarmas, rejas y candados. La residente destaca la necesidad de encontrar soluciones efectivas ante la recurrencia de robos en la zona.<\/p>\n","protected":false},"excerpt":{"rendered":"<p>Una residente local comparti\u00f3 en redes sociales la grabaci\u00f3n de un intento de robo registrado por las c\u00e1maras de seguridad en su propiedad ubicada en calle Italia. A pesar de presenciar el incidente en tiempo real mediante el sistema de videovigilancia, al contactar a la polic\u00eda, recibi\u00f3 la respuesta de que no pod\u00edan enviar unidades [&hellip;]<\/p>\n","protected":false},"author":4,"featured_media":125105,"comment_status":"closed","ping_status":"closed","sticky":false,"template":"","format":"standard","meta":{"om_disable_all_campaigns":false,"_jetpack_memberships_contains_paid_content":false,"footnotes":""},"categories":[50,2,103],"tags":[],"class_list":["post-125104","post","type-post","status-publish","format-standard","has-post-thumbnail","hentry","category-destacadas","category-locales","category-policiales-locales"],"aioseo_notices":[],"gutentor_comment":0,"jetpack_featured_media_url":"https:\/\/eldiariodesanpedro.com.ar\/sitio\/wp-content\/uploads\/2024\/01\/Robo-filmado-.jpeg","jetpack_shortlink":"https:\/\/wp.me\/p6RhLt-wxO","jetpack_sharing_enabled":true,"_links":{"self":[{"href":"https:\/\/eldiariodesanpedro.com.ar\/sitio\/wp-json\/wp\/v2\/posts\/125104","targetHints":{"allow":["GET"]}}],"collection":[{"href":"https:\/\/eldiariodesanpedro.com.ar\/sitio\/wp-json\/wp\/v2\/posts"}],"about":[{"href":"https:\/\/eldiariodesanpedro.com.ar\/sitio\/wp-json\/wp\/v2\/types\/post"}],"author":[{"embeddable":true,"href":"https:\/\/eldiariodesanpedro.com.ar\/sitio\/wp-json\/wp\/v2\/users\/4"}],"replies":[{"embeddable":true,"href":"https:\/\/eldiariodesanpedro.com.ar\/sitio\/wp-json\/wp\/v2\/comments?post=125104"}],"version-history":[{"count":1,"href":"https:\/\/eldiariodesanpedro.com.ar\/sitio\/wp-json\/wp\/v2\/posts\/125104\/revisions"}],"predecessor-version":[{"id":125106,"href":"https:\/\/eldiariodesanpedro.com.ar\/sitio\/wp-json\/wp\/v2\/posts\/125104\/revisions\/125106"}],"wp:featuredmedia":[{"embeddable":true,"href":"https:\/\/eldiariodesanpedro.com.ar\/sitio\/wp-json\/wp\/v2\/media\/125105"}],"wp:attachment":[{"href":"https:\/\/eldiariodesanpedro.com.ar\/sitio\/wp-json\/wp\/v2\/media?parent=125104"}],"wp:term":[{"taxonomy":"category","embeddable":true,"href":"https:\/\/eldiariodesanpedro.com.ar\/sitio\/wp-json\/wp\/v2\/categories?post=125104"},{"taxonomy":"post_tag","embeddable":true,"href":"https:\/\/eldiariodesanpedro.com.ar\/sitio\/wp-json\/wp\/v2\/tags?post=125104"}],"curies":[{"name":"wp","href":"https:\/\/api.w.org\/{rel}","templated":true}]}}