{"id":125031,"date":"2024-01-08T12:53:04","date_gmt":"2024-01-08T15:53:04","guid":{"rendered":"https:\/\/eldiariodesanpedro.com.ar\/sitio\/?p=125031"},"modified":"2024-01-08T12:53:07","modified_gmt":"2024-01-08T15:53:07","slug":"conflicto-vecinal-dejo-a-varias-personas-heridas-con-armas-de-fuego","status":"publish","type":"post","link":"https:\/\/eldiariodesanpedro.com.ar\/sitio\/conflicto-vecinal-dejo-a-varias-personas-heridas-con-armas-de-fuego\/","title":{"rendered":"Conflicto vecinal dej\u00f3 a varias personas heridas con armas de fuego"},"content":{"rendered":"<!-- VideographyWP Plugin Message: Automatic video embedding prevented by plugin options. -->\n\n<p>El pasado sabado, tras haber recibido varios llamados al 911 por un conflicto vecinal en la calle Mateo Sbert y Fray Cayetano Rodr\u00edguez, la polic\u00eda pudo constatar que involucraba a\u00a0<strong>dos familias con frondosos antecedentes.<\/strong><\/p>\n\n\n\n<p>Como resultado del altercado,&nbsp;<strong>un hombre de 26 a\u00f1os result\u00f3 herido con un disparo de arma de fuego en el miembro inferior<\/strong>. Adem\u00e1s,<strong>&nbsp;una mujer de 30 a\u00f1os sufri\u00f3 una herida en la espalda<\/strong>&nbsp;debido a las agresiones mutuas.<\/p>\n\n\n\n<p>La Unidad Funcional de Instrucci\u00f3n (UFI) N\u00ba 7 est\u00e1 interviniendo en el caso.<\/p>\n","protected":false},"excerpt":{"rendered":"<p>El pasado sabado, tras haber recibido varios llamados al 911 por un conflicto vecinal en la calle Mateo Sbert y Fray Cayetano Rodr\u00edguez, la polic\u00eda pudo constatar que involucraba a\u00a0dos familias con frondosos antecedentes. Como resultado del altercado,&nbsp;un hombre de 26 a\u00f1os result\u00f3 herido con un disparo de arma de fuego en el miembro inferior. [&hellip;]<\/p>\n","protected":false},"author":4,"featured_media":67073,"comment_status":"closed","ping_status":"closed","sticky":false,"template":"","format":"standard","meta":{"om_disable_all_campaigns":false,"_jetpack_memberships_contains_paid_content":false,"footnotes":""},"categories":[50,2,103],"tags":[197,33,95,19],"class_list":["post-125031","post","type-post","status-publish","format-standard","has-post-thumbnail","hentry","category-destacadas","category-locales","category-policiales-locales","tag-buenos-aires","tag-locales","tag-policiales","tag-san-pedro"],"aioseo_notices":[],"gutentor_comment":0,"jetpack_featured_media_url":"https:\/\/eldiariodesanpedro.com.ar\/sitio\/wp-content\/uploads\/2020\/01\/guardia_nueva.jpg","jetpack_shortlink":"https:\/\/wp.me\/p6RhLt-wwD","jetpack_sharing_enabled":true,"_links":{"self":[{"href":"https:\/\/eldiariodesanpedro.com.ar\/sitio\/wp-json\/wp\/v2\/posts\/125031","targetHints":{"allow":["GET"]}}],"collection":[{"href":"https:\/\/eldiariodesanpedro.com.ar\/sitio\/wp-json\/wp\/v2\/posts"}],"about":[{"href":"https:\/\/eldiariodesanpedro.com.ar\/sitio\/wp-json\/wp\/v2\/types\/post"}],"author":[{"embeddable":true,"href":"https:\/\/eldiariodesanpedro.com.ar\/sitio\/wp-json\/wp\/v2\/users\/4"}],"replies":[{"embeddable":true,"href":"https:\/\/eldiariodesanpedro.com.ar\/sitio\/wp-json\/wp\/v2\/comments?post=125031"}],"version-history":[{"count":1,"href":"https:\/\/eldiariodesanpedro.com.ar\/sitio\/wp-json\/wp\/v2\/posts\/125031\/revisions"}],"predecessor-version":[{"id":125032,"href":"https:\/\/eldiariodesanpedro.com.ar\/sitio\/wp-json\/wp\/v2\/posts\/125031\/revisions\/125032"}],"wp:featuredmedia":[{"embeddable":true,"href":"https:\/\/eldiariodesanpedro.com.ar\/sitio\/wp-json\/wp\/v2\/media\/67073"}],"wp:attachment":[{"href":"https:\/\/eldiariodesanpedro.com.ar\/sitio\/wp-json\/wp\/v2\/media?parent=125031"}],"wp:term":[{"taxonomy":"category","embeddable":true,"href":"https:\/\/eldiariodesanpedro.com.ar\/sitio\/wp-json\/wp\/v2\/categories?post=125031"},{"taxonomy":"post_tag","embeddable":true,"href":"https:\/\/eldiariodesanpedro.com.ar\/sitio\/wp-json\/wp\/v2\/tags?post=125031"}],"curies":[{"name":"wp","href":"https:\/\/api.w.org\/{rel}","templated":true}]}}