{"id":125028,"date":"2024-01-08T12:39:09","date_gmt":"2024-01-08T15:39:09","guid":{"rendered":"https:\/\/eldiariodesanpedro.com.ar\/sitio\/?p=125028"},"modified":"2024-01-08T12:39:11","modified_gmt":"2024-01-08T15:39:11","slug":"un-motociclista-que-colgaba-la-motocicleta-colisiono-contra-un-cantero-en-zona-centrica","status":"publish","type":"post","link":"https:\/\/eldiariodesanpedro.com.ar\/sitio\/un-motociclista-que-colgaba-la-motocicleta-colisiono-contra-un-cantero-en-zona-centrica\/","title":{"rendered":"Un motociclista que \u00abcolgaba\u00bb la motocicleta colision\u00f3 contra un cantero en zona c\u00e9ntrica"},"content":{"rendered":"<!-- VideographyWP Plugin Message: Automatic video embedding prevented by plugin options. -->\n\n<p>En la madrugada del domingo, en la intersecci\u00f3n de las calles C. Pellegrini y Rafael Obligado, se produjo un accidente de tr\u00e1nsito.\u00a0<strong>Un joven de 17 a\u00f1os, que conduc\u00eda una motocicleta Honda XR 150 C.C de color gris, colision\u00f3 con una maceta despu\u00e9s de perder el control del veh\u00edculo cuando hacian \u00abwilly\u00bb. Junto a \u00e9l iba otro joven de 18 a\u00f1os.<\/strong><\/p>\n\n\n\n<p>El conductor&nbsp;<strong>sufri\u00f3 lesiones leves y fue asistido por el SAME<\/strong>, mientras que el acompa\u00f1ante result\u00f3 ileso. La motocicleta fue secuestrada por el juzgado de faltas debido a la falta de documentaci\u00f3n y a la presentaci\u00f3n de un escape deficiente.<\/p>\n","protected":false},"excerpt":{"rendered":"<p>En la madrugada del domingo, en la intersecci\u00f3n de las calles C. Pellegrini y Rafael Obligado, se produjo un accidente de tr\u00e1nsito.\u00a0Un joven de 17 a\u00f1os, que conduc\u00eda una motocicleta Honda XR 150 C.C de color gris, colision\u00f3 con una maceta despu\u00e9s de perder el control del veh\u00edculo cuando hacian \u00abwilly\u00bb. Junto a \u00e9l iba [&hellip;]<\/p>\n","protected":false},"author":4,"featured_media":125029,"comment_status":"closed","ping_status":"closed","sticky":false,"template":"","format":"standard","meta":{"om_disable_all_campaigns":false,"_jetpack_memberships_contains_paid_content":false,"footnotes":""},"categories":[50,2,103],"tags":[4699],"class_list":["post-125028","post","type-post","status-publish","format-standard","has-post-thumbnail","hentry","category-destacadas","category-locales","category-policiales-locales","tag-un-motociclista-que-colgaba-la-motocicleta-colisiono-contra-un-cantero-en-zona-centrica"],"aioseo_notices":[],"gutentor_comment":0,"jetpack_featured_media_url":"https:\/\/eldiariodesanpedro.com.ar\/sitio\/wp-content\/uploads\/2024\/01\/medida-6-4.jpg","jetpack_shortlink":"https:\/\/wp.me\/p6RhLt-wwA","jetpack_sharing_enabled":true,"_links":{"self":[{"href":"https:\/\/eldiariodesanpedro.com.ar\/sitio\/wp-json\/wp\/v2\/posts\/125028","targetHints":{"allow":["GET"]}}],"collection":[{"href":"https:\/\/eldiariodesanpedro.com.ar\/sitio\/wp-json\/wp\/v2\/posts"}],"about":[{"href":"https:\/\/eldiariodesanpedro.com.ar\/sitio\/wp-json\/wp\/v2\/types\/post"}],"author":[{"embeddable":true,"href":"https:\/\/eldiariodesanpedro.com.ar\/sitio\/wp-json\/wp\/v2\/users\/4"}],"replies":[{"embeddable":true,"href":"https:\/\/eldiariodesanpedro.com.ar\/sitio\/wp-json\/wp\/v2\/comments?post=125028"}],"version-history":[{"count":1,"href":"https:\/\/eldiariodesanpedro.com.ar\/sitio\/wp-json\/wp\/v2\/posts\/125028\/revisions"}],"predecessor-version":[{"id":125030,"href":"https:\/\/eldiariodesanpedro.com.ar\/sitio\/wp-json\/wp\/v2\/posts\/125028\/revisions\/125030"}],"wp:featuredmedia":[{"embeddable":true,"href":"https:\/\/eldiariodesanpedro.com.ar\/sitio\/wp-json\/wp\/v2\/media\/125029"}],"wp:attachment":[{"href":"https:\/\/eldiariodesanpedro.com.ar\/sitio\/wp-json\/wp\/v2\/media?parent=125028"}],"wp:term":[{"taxonomy":"category","embeddable":true,"href":"https:\/\/eldiariodesanpedro.com.ar\/sitio\/wp-json\/wp\/v2\/categories?post=125028"},{"taxonomy":"post_tag","embeddable":true,"href":"https:\/\/eldiariodesanpedro.com.ar\/sitio\/wp-json\/wp\/v2\/tags?post=125028"}],"curies":[{"name":"wp","href":"https:\/\/api.w.org\/{rel}","templated":true}]}}