{"id":124996,"date":"2024-01-05T17:29:13","date_gmt":"2024-01-05T20:29:13","guid":{"rendered":"https:\/\/eldiariodesanpedro.com.ar\/sitio\/?p=124996"},"modified":"2024-01-05T17:29:15","modified_gmt":"2024-01-05T20:29:15","slug":"bomberos-intervino-en-el-incendio-de-un-camion-con-carbon-en-la-ruta-9","status":"publish","type":"post","link":"https:\/\/eldiariodesanpedro.com.ar\/sitio\/bomberos-intervino-en-el-incendio-de-un-camion-con-carbon-en-la-ruta-9\/","title":{"rendered":"Bomberos intervino en el incendio de un cami\u00f3n con carb\u00f3n en la Ruta 9"},"content":{"rendered":"<!-- VideographyWP Plugin Message: Automatic video embedding prevented by plugin options. -->\n\n<p>Dos unidades de Bomberos Voluntarios asistieron despu\u00e9s de las 13.00 de este viernes ante el incendio de un cami\u00f3n registrado en el kil\u00f3metro 169 de la ruta 9.<\/p>\n\n\n\n<p>Un Mercedes Benz blanco de la localidad de El Peligro (La Plata), que transportaba carb\u00f3n, se incendi\u00f3 cuando transitaba por el carril Rosario &#8211; Buenos Aires a esa altura de la autopista, en inmediaciones de Gobernador Castro.<\/p>\n\n\n\n<p>Bomberos envi\u00f3 una dotaci\u00f3n alrededor de las 13.15 y algunos minutos m\u00e1s tarde, ante la necesidad de apoyo, solicit\u00f3 otra para abordar la situaci\u00f3n y una hora m\u00e1s tarde ten\u00eda el foco \u201ccontrolado\u201d.<\/p>\n\n\n\n<p>Habida cuenta de la peligrosidad de la carga, el Departamento de Bomberos traslad\u00f3 el contenido del remolque para extinguir completamente el fuego y evitar su propagaci\u00f3n.<\/p>\n\n\n\n<p>Efectivos del Destacamento de Polic\u00eda Vial de San Pedro intervinieron en la zona para atender el tr\u00e1nsito mientras se realizaban las tareas de extinci\u00f3n de incendios.<\/p>\n","protected":false},"excerpt":{"rendered":"<p>Dos unidades de Bomberos Voluntarios asistieron despu\u00e9s de las 13.00 de este viernes ante el incendio de un cami\u00f3n registrado en el kil\u00f3metro 169 de la ruta 9. Un Mercedes Benz blanco de la localidad de El Peligro (La Plata), que transportaba carb\u00f3n, se incendi\u00f3 cuando transitaba por el carril Rosario &#8211; Buenos Aires a [&hellip;]<\/p>\n","protected":false},"author":4,"featured_media":124997,"comment_status":"closed","ping_status":"closed","sticky":false,"template":"","format":"standard","meta":{"om_disable_all_campaigns":false,"_jetpack_memberships_contains_paid_content":false,"footnotes":""},"categories":[50,2,103],"tags":[197,33,95,19],"class_list":["post-124996","post","type-post","status-publish","format-standard","has-post-thumbnail","hentry","category-destacadas","category-locales","category-policiales-locales","tag-buenos-aires","tag-locales","tag-policiales","tag-san-pedro"],"aioseo_notices":[],"gutentor_comment":0,"jetpack_featured_media_url":"https:\/\/eldiariodesanpedro.com.ar\/sitio\/wp-content\/uploads\/2024\/01\/medida-6-3.jpg","jetpack_shortlink":"https:\/\/wp.me\/p6RhLt-ww4","jetpack_sharing_enabled":true,"_links":{"self":[{"href":"https:\/\/eldiariodesanpedro.com.ar\/sitio\/wp-json\/wp\/v2\/posts\/124996","targetHints":{"allow":["GET"]}}],"collection":[{"href":"https:\/\/eldiariodesanpedro.com.ar\/sitio\/wp-json\/wp\/v2\/posts"}],"about":[{"href":"https:\/\/eldiariodesanpedro.com.ar\/sitio\/wp-json\/wp\/v2\/types\/post"}],"author":[{"embeddable":true,"href":"https:\/\/eldiariodesanpedro.com.ar\/sitio\/wp-json\/wp\/v2\/users\/4"}],"replies":[{"embeddable":true,"href":"https:\/\/eldiariodesanpedro.com.ar\/sitio\/wp-json\/wp\/v2\/comments?post=124996"}],"version-history":[{"count":1,"href":"https:\/\/eldiariodesanpedro.com.ar\/sitio\/wp-json\/wp\/v2\/posts\/124996\/revisions"}],"predecessor-version":[{"id":124998,"href":"https:\/\/eldiariodesanpedro.com.ar\/sitio\/wp-json\/wp\/v2\/posts\/124996\/revisions\/124998"}],"wp:featuredmedia":[{"embeddable":true,"href":"https:\/\/eldiariodesanpedro.com.ar\/sitio\/wp-json\/wp\/v2\/media\/124997"}],"wp:attachment":[{"href":"https:\/\/eldiariodesanpedro.com.ar\/sitio\/wp-json\/wp\/v2\/media?parent=124996"}],"wp:term":[{"taxonomy":"category","embeddable":true,"href":"https:\/\/eldiariodesanpedro.com.ar\/sitio\/wp-json\/wp\/v2\/categories?post=124996"},{"taxonomy":"post_tag","embeddable":true,"href":"https:\/\/eldiariodesanpedro.com.ar\/sitio\/wp-json\/wp\/v2\/tags?post=124996"}],"curies":[{"name":"wp","href":"https:\/\/api.w.org\/{rel}","templated":true}]}}