{"id":124993,"date":"2024-01-05T16:58:32","date_gmt":"2024-01-05T19:58:32","guid":{"rendered":"https:\/\/eldiariodesanpedro.com.ar\/sitio\/?p=124993"},"modified":"2024-01-05T16:58:35","modified_gmt":"2024-01-05T19:58:35","slug":"la-policia-secuestro-motocicletas-que-circulaban-haciendo-cortes","status":"publish","type":"post","link":"https:\/\/eldiariodesanpedro.com.ar\/sitio\/la-policia-secuestro-motocicletas-que-circulaban-haciendo-cortes\/","title":{"rendered":"La polic\u00eda secuestr\u00f3 motocicletas que circulaban haciendo \u00abcortes\u00bb"},"content":{"rendered":"<!-- VideographyWP Plugin Message: Automatic video embedding prevented by plugin options. -->\n\n<p>La Direcci\u00f3n de Tr\u00e1nsito de la Municipalidad de San Pedro, junto con la Estaci\u00f3n de Polic\u00eda Comunal, ha realizado operativos din\u00e1micos en diversos lugares de la ciudad. Durante estos procedimientos, se incautaron varios motoveh\u00edculos por presentar escape deficiente, entre otras infracciones.<\/p>\n\n\n\n<p>En las \u00faltimas semanas, se ha registrado un aumento en las quejas de los residentes de varios barrios, destacando la zona c\u00e9ntrica, avenidas, boulevares y rutas.<\/p>\n","protected":false},"excerpt":{"rendered":"<p>La Direcci\u00f3n de Tr\u00e1nsito de la Municipalidad de San Pedro, junto con la Estaci\u00f3n de Polic\u00eda Comunal, ha realizado operativos din\u00e1micos en diversos lugares de la ciudad. Durante estos procedimientos, se incautaron varios motoveh\u00edculos por presentar escape deficiente, entre otras infracciones. En las \u00faltimas semanas, se ha registrado un aumento en las quejas de los [&hellip;]<\/p>\n","protected":false},"author":4,"featured_media":124994,"comment_status":"closed","ping_status":"closed","sticky":false,"template":"","format":"standard","meta":{"om_disable_all_campaigns":false,"_jetpack_memberships_contains_paid_content":false,"footnotes":""},"categories":[50,2,103],"tags":[],"class_list":["post-124993","post","type-post","status-publish","format-standard","has-post-thumbnail","hentry","category-destacadas","category-locales","category-policiales-locales"],"aioseo_notices":[],"gutentor_comment":0,"jetpack_featured_media_url":"https:\/\/eldiariodesanpedro.com.ar\/sitio\/wp-content\/uploads\/2024\/01\/medida-6-2.jpg","jetpack_shortlink":"https:\/\/wp.me\/p6RhLt-ww1","jetpack_sharing_enabled":true,"_links":{"self":[{"href":"https:\/\/eldiariodesanpedro.com.ar\/sitio\/wp-json\/wp\/v2\/posts\/124993","targetHints":{"allow":["GET"]}}],"collection":[{"href":"https:\/\/eldiariodesanpedro.com.ar\/sitio\/wp-json\/wp\/v2\/posts"}],"about":[{"href":"https:\/\/eldiariodesanpedro.com.ar\/sitio\/wp-json\/wp\/v2\/types\/post"}],"author":[{"embeddable":true,"href":"https:\/\/eldiariodesanpedro.com.ar\/sitio\/wp-json\/wp\/v2\/users\/4"}],"replies":[{"embeddable":true,"href":"https:\/\/eldiariodesanpedro.com.ar\/sitio\/wp-json\/wp\/v2\/comments?post=124993"}],"version-history":[{"count":1,"href":"https:\/\/eldiariodesanpedro.com.ar\/sitio\/wp-json\/wp\/v2\/posts\/124993\/revisions"}],"predecessor-version":[{"id":124995,"href":"https:\/\/eldiariodesanpedro.com.ar\/sitio\/wp-json\/wp\/v2\/posts\/124993\/revisions\/124995"}],"wp:featuredmedia":[{"embeddable":true,"href":"https:\/\/eldiariodesanpedro.com.ar\/sitio\/wp-json\/wp\/v2\/media\/124994"}],"wp:attachment":[{"href":"https:\/\/eldiariodesanpedro.com.ar\/sitio\/wp-json\/wp\/v2\/media?parent=124993"}],"wp:term":[{"taxonomy":"category","embeddable":true,"href":"https:\/\/eldiariodesanpedro.com.ar\/sitio\/wp-json\/wp\/v2\/categories?post=124993"},{"taxonomy":"post_tag","embeddable":true,"href":"https:\/\/eldiariodesanpedro.com.ar\/sitio\/wp-json\/wp\/v2\/tags?post=124993"}],"curies":[{"name":"wp","href":"https:\/\/api.w.org\/{rel}","templated":true}]}}