{"id":124945,"date":"2024-01-03T12:35:42","date_gmt":"2024-01-03T15:35:42","guid":{"rendered":"https:\/\/eldiariodesanpedro.com.ar\/sitio\/?p=124945"},"modified":"2024-01-03T12:35:43","modified_gmt":"2024-01-03T15:35:43","slug":"segundo-operativo-de-lentes-sociales-en-san-pedro","status":"publish","type":"post","link":"https:\/\/eldiariodesanpedro.com.ar\/sitio\/segundo-operativo-de-lentes-sociales-en-san-pedro\/","title":{"rendered":"Segundo Operativo de Lentes Sociales en San Pedro"},"content":{"rendered":"<!-- VideographyWP Plugin Message: Automatic video embedding prevented by plugin options. -->\n\n<p>El pr\u00f3ximo s\u00e1bado 6 de enero de 2024, de 08:00 a 18:00 horas, el PJ San Pedro y la Mesa Sindical llevar\u00e1n a cabo el segundo operativo de Lentes Sociales. Durante el evento, se pondr\u00e1n a disposici\u00f3n m\u00e1s de 100 modelos diferentes de lentes.<\/p>\n\n\n\n<p>Adicionalmente a la extensa variedad de modelos ofrecidos, el operativo brindar\u00e1 la posibilidad de realizar un examen de la vista para todos los participantes. Los m\u00e9todos de pago aceptados comprender\u00e1n efectivo, transferencias, as\u00ed como tarjetas de d\u00e9bito y cr\u00e9dito.<\/p>\n\n\n\n<p>Para obtener informaci\u00f3n adicional, los interesados podr\u00e1n comunicarse al n\u00famero 11 6626 4994 o dirigirse a Ruiz Moreno 135, ubicado entre Salta y Pellegrini, en San Pedro. Este evento constituye una oportunidad significativa para aquellos individuos que requieren lentes y buscan acceder a una variedad de opciones asequibles.<\/p>\n","protected":false},"excerpt":{"rendered":"<p>El pr\u00f3ximo s\u00e1bado 6 de enero de 2024, de 08:00 a 18:00 horas, el PJ San Pedro y la Mesa Sindical llevar\u00e1n a cabo el segundo operativo de Lentes Sociales. Durante el evento, se pondr\u00e1n a disposici\u00f3n m\u00e1s de 100 modelos diferentes de lentes. Adicionalmente a la extensa variedad de modelos ofrecidos, el operativo brindar\u00e1 [&hellip;]<\/p>\n","protected":false},"author":4,"featured_media":124946,"comment_status":"closed","ping_status":"closed","sticky":false,"template":"","format":"standard","meta":{"om_disable_all_campaigns":false,"_jetpack_memberships_contains_paid_content":false,"footnotes":""},"categories":[50,101,2],"tags":[197,696,33,19],"class_list":["post-124945","post","type-post","status-publish","format-standard","has-post-thumbnail","hentry","category-destacadas","category-interes-general-locales","category-locales","tag-buenos-aires","tag-interes-general","tag-locales","tag-san-pedro"],"aioseo_notices":[],"gutentor_comment":0,"jetpack_featured_media_url":"https:\/\/eldiariodesanpedro.com.ar\/sitio\/wp-content\/uploads\/2024\/01\/lentes.jpg","jetpack_shortlink":"https:\/\/wp.me\/p6RhLt-wvf","jetpack_sharing_enabled":true,"_links":{"self":[{"href":"https:\/\/eldiariodesanpedro.com.ar\/sitio\/wp-json\/wp\/v2\/posts\/124945","targetHints":{"allow":["GET"]}}],"collection":[{"href":"https:\/\/eldiariodesanpedro.com.ar\/sitio\/wp-json\/wp\/v2\/posts"}],"about":[{"href":"https:\/\/eldiariodesanpedro.com.ar\/sitio\/wp-json\/wp\/v2\/types\/post"}],"author":[{"embeddable":true,"href":"https:\/\/eldiariodesanpedro.com.ar\/sitio\/wp-json\/wp\/v2\/users\/4"}],"replies":[{"embeddable":true,"href":"https:\/\/eldiariodesanpedro.com.ar\/sitio\/wp-json\/wp\/v2\/comments?post=124945"}],"version-history":[{"count":1,"href":"https:\/\/eldiariodesanpedro.com.ar\/sitio\/wp-json\/wp\/v2\/posts\/124945\/revisions"}],"predecessor-version":[{"id":124947,"href":"https:\/\/eldiariodesanpedro.com.ar\/sitio\/wp-json\/wp\/v2\/posts\/124945\/revisions\/124947"}],"wp:featuredmedia":[{"embeddable":true,"href":"https:\/\/eldiariodesanpedro.com.ar\/sitio\/wp-json\/wp\/v2\/media\/124946"}],"wp:attachment":[{"href":"https:\/\/eldiariodesanpedro.com.ar\/sitio\/wp-json\/wp\/v2\/media?parent=124945"}],"wp:term":[{"taxonomy":"category","embeddable":true,"href":"https:\/\/eldiariodesanpedro.com.ar\/sitio\/wp-json\/wp\/v2\/categories?post=124945"},{"taxonomy":"post_tag","embeddable":true,"href":"https:\/\/eldiariodesanpedro.com.ar\/sitio\/wp-json\/wp\/v2\/tags?post=124945"}],"curies":[{"name":"wp","href":"https:\/\/api.w.org\/{rel}","templated":true}]}}