{"id":124941,"date":"2024-01-03T12:21:41","date_gmt":"2024-01-03T15:21:41","guid":{"rendered":"https:\/\/eldiariodesanpedro.com.ar\/sitio\/?p=124941"},"modified":"2024-01-03T12:21:43","modified_gmt":"2024-01-03T15:21:43","slug":"representantes-del-area-de-salud-mental-de-la-municipalidad-participaron-de-una-reunion-en-la-region-sanitaria-iv","status":"publish","type":"post","link":"https:\/\/eldiariodesanpedro.com.ar\/sitio\/representantes-del-area-de-salud-mental-de-la-municipalidad-participaron-de-una-reunion-en-la-region-sanitaria-iv\/","title":{"rendered":"Representantes del \u00e1rea de Salud Mental de la Municipalidad participaron de una reuni\u00f3n en la Regi\u00f3n Sanitaria IV"},"content":{"rendered":"<!-- VideographyWP Plugin Message: Automatic video embedding prevented by plugin options. -->\n\n<p>La Municipalidad de San Pedro estuvo representada por la Directora de Salud Mental de la Secretar\u00eda Salud, Sandra Sorbara en una reuni\u00f3n con referentes de la Regi\u00f3n Sanitaria IV para plantear l\u00edneas de trabajo para el nuevo a\u00f1o. Junto a ella, asisti\u00f3 el referente del CPA Luis Onofri.<br>Desde la nueva conducci\u00f3n de la Secretar\u00eda en general y del \u00e1rea en particular se pretende consolidar el trabajo realizado el a\u00f1o pasado e implementar nuevas acciones que contribuyan a la prevenci\u00f3n y visibilizaci\u00f3n del tema.<br>El objetivo es darle continuidad al contacto con las familias que siguen el tema y con los profesionales que pueden realizar sus aportes para trabajar de manera articulada desde una perspectiva comunitaria enmarcada en la ley de salud mental.<\/p>\n","protected":false},"excerpt":{"rendered":"<p>La Municipalidad de San Pedro estuvo representada por la Directora de Salud Mental de la Secretar\u00eda Salud, Sandra Sorbara en una reuni\u00f3n con referentes de la Regi\u00f3n Sanitaria IV para plantear l\u00edneas de trabajo para el nuevo a\u00f1o. Junto a ella, asisti\u00f3 el referente del CPA Luis Onofri.Desde la nueva conducci\u00f3n de la Secretar\u00eda en [&hellip;]<\/p>\n","protected":false},"author":4,"featured_media":124942,"comment_status":"closed","ping_status":"closed","sticky":false,"template":"","format":"standard","meta":{"om_disable_all_campaigns":false,"_jetpack_memberships_contains_paid_content":false,"footnotes":""},"categories":[50,101,2],"tags":[197,696,33,19],"class_list":["post-124941","post","type-post","status-publish","format-standard","has-post-thumbnail","hentry","category-destacadas","category-interes-general-locales","category-locales","tag-buenos-aires","tag-interes-general","tag-locales","tag-san-pedro"],"aioseo_notices":[],"gutentor_comment":0,"jetpack_featured_media_url":"https:\/\/eldiariodesanpedro.com.ar\/sitio\/wp-content\/uploads\/2024\/01\/Imagen-de-WhatsApp-2024-01-03-a-las-09.16.58_8ae1e9ed.jpg","jetpack_shortlink":"https:\/\/wp.me\/p6RhLt-wvb","jetpack_sharing_enabled":true,"_links":{"self":[{"href":"https:\/\/eldiariodesanpedro.com.ar\/sitio\/wp-json\/wp\/v2\/posts\/124941","targetHints":{"allow":["GET"]}}],"collection":[{"href":"https:\/\/eldiariodesanpedro.com.ar\/sitio\/wp-json\/wp\/v2\/posts"}],"about":[{"href":"https:\/\/eldiariodesanpedro.com.ar\/sitio\/wp-json\/wp\/v2\/types\/post"}],"author":[{"embeddable":true,"href":"https:\/\/eldiariodesanpedro.com.ar\/sitio\/wp-json\/wp\/v2\/users\/4"}],"replies":[{"embeddable":true,"href":"https:\/\/eldiariodesanpedro.com.ar\/sitio\/wp-json\/wp\/v2\/comments?post=124941"}],"version-history":[{"count":1,"href":"https:\/\/eldiariodesanpedro.com.ar\/sitio\/wp-json\/wp\/v2\/posts\/124941\/revisions"}],"predecessor-version":[{"id":124944,"href":"https:\/\/eldiariodesanpedro.com.ar\/sitio\/wp-json\/wp\/v2\/posts\/124941\/revisions\/124944"}],"wp:featuredmedia":[{"embeddable":true,"href":"https:\/\/eldiariodesanpedro.com.ar\/sitio\/wp-json\/wp\/v2\/media\/124942"}],"wp:attachment":[{"href":"https:\/\/eldiariodesanpedro.com.ar\/sitio\/wp-json\/wp\/v2\/media?parent=124941"}],"wp:term":[{"taxonomy":"category","embeddable":true,"href":"https:\/\/eldiariodesanpedro.com.ar\/sitio\/wp-json\/wp\/v2\/categories?post=124941"},{"taxonomy":"post_tag","embeddable":true,"href":"https:\/\/eldiariodesanpedro.com.ar\/sitio\/wp-json\/wp\/v2\/tags?post=124941"}],"curies":[{"name":"wp","href":"https:\/\/api.w.org\/{rel}","templated":true}]}}