{"id":124939,"date":"2024-01-03T12:14:59","date_gmt":"2024-01-03T15:14:59","guid":{"rendered":"https:\/\/eldiariodesanpedro.com.ar\/sitio\/?p=124939"},"modified":"2024-01-03T12:15:01","modified_gmt":"2024-01-03T15:15:01","slug":"vacunacion-y-desparasitacion-para-caninos-y-felinos-en-santa-lucia","status":"publish","type":"post","link":"https:\/\/eldiariodesanpedro.com.ar\/sitio\/vacunacion-y-desparasitacion-para-caninos-y-felinos-en-santa-lucia\/","title":{"rendered":"Vacunaci\u00f3n y desparasitaci\u00f3n para caninos y felinos en Santa Luc\u00eda"},"content":{"rendered":"<!-- VideographyWP Plugin Message: Automatic video embedding prevented by plugin options. -->\n\n<p>La Municipalidad de San Pedro, a trav\u00e9s del Departamento Canino dependiente de la Secretar\u00eda de Salud informa que, continuando con la campa\u00f1a de vacunaci\u00f3n para perros y gatos, el jueves 04 de enero, en la Plaza San Mart\u00edn de Santa Luc\u00eda recibir\u00e1n mascotas entre las 09 y las 12 hs.<\/p>\n","protected":false},"excerpt":{"rendered":"<p>La Municipalidad de San Pedro, a trav\u00e9s del Departamento Canino dependiente de la Secretar\u00eda de Salud informa que, continuando con la campa\u00f1a de vacunaci\u00f3n para perros y gatos, el jueves 04 de enero, en la Plaza San Mart\u00edn de Santa Luc\u00eda recibir\u00e1n mascotas entre las 09 y las 12 hs.<\/p>\n","protected":false},"author":4,"featured_media":96562,"comment_status":"closed","ping_status":"closed","sticky":false,"template":"","format":"standard","meta":{"om_disable_all_campaigns":false,"_jetpack_memberships_contains_paid_content":false,"footnotes":""},"categories":[101,2],"tags":[4685],"class_list":["post-124939","post","type-post","status-publish","format-standard","has-post-thumbnail","hentry","category-interes-general-locales","category-locales","tag-vacunacion-y-desparasitacion-para-caninos-y-felinos-en-santa-lucia"],"aioseo_notices":[],"gutentor_comment":0,"jetpack_featured_media_url":"https:\/\/eldiariodesanpedro.com.ar\/sitio\/wp-content\/uploads\/2021\/07\/Purina-Que-vacunas-necesita-mi-gatito.jpg","jetpack_shortlink":"https:\/\/wp.me\/p6RhLt-wv9","jetpack_sharing_enabled":true,"_links":{"self":[{"href":"https:\/\/eldiariodesanpedro.com.ar\/sitio\/wp-json\/wp\/v2\/posts\/124939","targetHints":{"allow":["GET"]}}],"collection":[{"href":"https:\/\/eldiariodesanpedro.com.ar\/sitio\/wp-json\/wp\/v2\/posts"}],"about":[{"href":"https:\/\/eldiariodesanpedro.com.ar\/sitio\/wp-json\/wp\/v2\/types\/post"}],"author":[{"embeddable":true,"href":"https:\/\/eldiariodesanpedro.com.ar\/sitio\/wp-json\/wp\/v2\/users\/4"}],"replies":[{"embeddable":true,"href":"https:\/\/eldiariodesanpedro.com.ar\/sitio\/wp-json\/wp\/v2\/comments?post=124939"}],"version-history":[{"count":1,"href":"https:\/\/eldiariodesanpedro.com.ar\/sitio\/wp-json\/wp\/v2\/posts\/124939\/revisions"}],"predecessor-version":[{"id":124940,"href":"https:\/\/eldiariodesanpedro.com.ar\/sitio\/wp-json\/wp\/v2\/posts\/124939\/revisions\/124940"}],"wp:featuredmedia":[{"embeddable":true,"href":"https:\/\/eldiariodesanpedro.com.ar\/sitio\/wp-json\/wp\/v2\/media\/96562"}],"wp:attachment":[{"href":"https:\/\/eldiariodesanpedro.com.ar\/sitio\/wp-json\/wp\/v2\/media?parent=124939"}],"wp:term":[{"taxonomy":"category","embeddable":true,"href":"https:\/\/eldiariodesanpedro.com.ar\/sitio\/wp-json\/wp\/v2\/categories?post=124939"},{"taxonomy":"post_tag","embeddable":true,"href":"https:\/\/eldiariodesanpedro.com.ar\/sitio\/wp-json\/wp\/v2\/tags?post=124939"}],"curies":[{"name":"wp","href":"https:\/\/api.w.org\/{rel}","templated":true}]}}