{"id":124937,"date":"2024-01-03T11:21:51","date_gmt":"2024-01-03T14:21:51","guid":{"rendered":"https:\/\/eldiariodesanpedro.com.ar\/sitio\/?p=124937"},"modified":"2024-01-03T11:21:53","modified_gmt":"2024-01-03T14:21:53","slug":"un-hombre-fue-agredido-por-un-companero-de-trabajo-en-la-via-publica","status":"publish","type":"post","link":"https:\/\/eldiariodesanpedro.com.ar\/sitio\/un-hombre-fue-agredido-por-un-companero-de-trabajo-en-la-via-publica\/","title":{"rendered":"Un hombre fue agredido por un compa\u00f1ero de trabajo en la v\u00eda p\u00fablica"},"content":{"rendered":"<!-- VideographyWP Plugin Message: Automatic video embedding prevented by plugin options. -->\n\n<p>Ayer, un hombre de 42 a\u00f1os present\u00f3 una denuncia afirmando que el viernes pasado, al mediod\u00eda, fue atacado f\u00edsicamente y amenazado por un colega mientras caminaba por la intersecci\u00f3n de las calles Auli y Bottaro. <\/p>\n\n\n\n<p>A pesar de la agresi\u00f3n, el denunciante result\u00f3 ileso. La investigaci\u00f3n est\u00e1 en curso, y se examinan las grabaciones de seguridad de la zona, ya que el agresor simul\u00f3 tener un arma de fuego durante el incidente. La UFI 07 est\u00e1 a cargo del caso.<\/p>\n","protected":false},"excerpt":{"rendered":"<p>Ayer, un hombre de 42 a\u00f1os present\u00f3 una denuncia afirmando que el viernes pasado, al mediod\u00eda, fue atacado f\u00edsicamente y amenazado por un colega mientras caminaba por la intersecci\u00f3n de las calles Auli y Bottaro. A pesar de la agresi\u00f3n, el denunciante result\u00f3 ileso. La investigaci\u00f3n est\u00e1 en curso, y se examinan las grabaciones de [&hellip;]<\/p>\n","protected":false},"author":4,"featured_media":103679,"comment_status":"closed","ping_status":"closed","sticky":false,"template":"","format":"standard","meta":{"om_disable_all_campaigns":false,"_jetpack_memberships_contains_paid_content":false,"footnotes":""},"categories":[2,103],"tags":[197,33,95,19],"class_list":["post-124937","post","type-post","status-publish","format-standard","has-post-thumbnail","hentry","category-locales","category-policiales-locales","tag-buenos-aires","tag-locales","tag-policiales","tag-san-pedro"],"aioseo_notices":[],"gutentor_comment":0,"jetpack_featured_media_url":"https:\/\/eldiariodesanpedro.com.ar\/sitio\/wp-content\/uploads\/2022\/02\/comisaria_san_pedro.jpg","jetpack_shortlink":"https:\/\/wp.me\/p6RhLt-wv7","jetpack_sharing_enabled":true,"_links":{"self":[{"href":"https:\/\/eldiariodesanpedro.com.ar\/sitio\/wp-json\/wp\/v2\/posts\/124937","targetHints":{"allow":["GET"]}}],"collection":[{"href":"https:\/\/eldiariodesanpedro.com.ar\/sitio\/wp-json\/wp\/v2\/posts"}],"about":[{"href":"https:\/\/eldiariodesanpedro.com.ar\/sitio\/wp-json\/wp\/v2\/types\/post"}],"author":[{"embeddable":true,"href":"https:\/\/eldiariodesanpedro.com.ar\/sitio\/wp-json\/wp\/v2\/users\/4"}],"replies":[{"embeddable":true,"href":"https:\/\/eldiariodesanpedro.com.ar\/sitio\/wp-json\/wp\/v2\/comments?post=124937"}],"version-history":[{"count":1,"href":"https:\/\/eldiariodesanpedro.com.ar\/sitio\/wp-json\/wp\/v2\/posts\/124937\/revisions"}],"predecessor-version":[{"id":124938,"href":"https:\/\/eldiariodesanpedro.com.ar\/sitio\/wp-json\/wp\/v2\/posts\/124937\/revisions\/124938"}],"wp:featuredmedia":[{"embeddable":true,"href":"https:\/\/eldiariodesanpedro.com.ar\/sitio\/wp-json\/wp\/v2\/media\/103679"}],"wp:attachment":[{"href":"https:\/\/eldiariodesanpedro.com.ar\/sitio\/wp-json\/wp\/v2\/media?parent=124937"}],"wp:term":[{"taxonomy":"category","embeddable":true,"href":"https:\/\/eldiariodesanpedro.com.ar\/sitio\/wp-json\/wp\/v2\/categories?post=124937"},{"taxonomy":"post_tag","embeddable":true,"href":"https:\/\/eldiariodesanpedro.com.ar\/sitio\/wp-json\/wp\/v2\/tags?post=124937"}],"curies":[{"name":"wp","href":"https:\/\/api.w.org\/{rel}","templated":true}]}}