{"id":124934,"date":"2024-01-03T11:15:01","date_gmt":"2024-01-03T14:15:01","guid":{"rendered":"https:\/\/eldiariodesanpedro.com.ar\/sitio\/?p=124934"},"modified":"2024-01-03T11:15:03","modified_gmt":"2024-01-03T14:15:03","slug":"joven-menor-de-edad-aprehendido-tras-agredir-a-un-efectivo-en-un-control-policial","status":"publish","type":"post","link":"https:\/\/eldiariodesanpedro.com.ar\/sitio\/joven-menor-de-edad-aprehendido-tras-agredir-a-un-efectivo-en-un-control-policial\/","title":{"rendered":"Joven menor de edad aprehendido tras agredir a un efectivo en un control policial"},"content":{"rendered":"<!-- VideographyWP Plugin Message: Automatic video embedding prevented by plugin options. -->\n\n<p>En el d\u00eda de ayer, en Avenida Sarmiento y Beaumont, el personal policial llev\u00f3 a cabo la identificaci\u00f3n de un veh\u00edculo tipo motocicleta de 110 CC, el cual presentaba faltantes de pl\u00e1sticos y evidenciaba un mal estado de conservaci\u00f3n y uso. <\/p>\n\n\n\n<p>Durante el procedimiento, se procedi\u00f3 a la aprehensi\u00f3n del conductor, un joven de 17 a\u00f1os, quien intent\u00f3 escapar del lugar para eludir el control, ocasionando lesiones leves a uno de los agentes. <\/p>\n\n\n\n<p>El individuo fue entregado a la Fiscal\u00eda del Joven y posteriormente liberado, mientras que el oficial afectado sufri\u00f3 heridas de car\u00e1cter leve. Respecto al veh\u00edculo, fue confiscado por el juzgado de faltas local.<\/p>\n","protected":false},"excerpt":{"rendered":"<p>En el d\u00eda de ayer, en Avenida Sarmiento y Beaumont, el personal policial llev\u00f3 a cabo la identificaci\u00f3n de un veh\u00edculo tipo motocicleta de 110 CC, el cual presentaba faltantes de pl\u00e1sticos y evidenciaba un mal estado de conservaci\u00f3n y uso. Durante el procedimiento, se procedi\u00f3 a la aprehensi\u00f3n del conductor, un joven de 17 [&hellip;]<\/p>\n","protected":false},"author":4,"featured_media":124935,"comment_status":"closed","ping_status":"closed","sticky":false,"template":"","format":"standard","meta":{"om_disable_all_campaigns":false,"_jetpack_memberships_contains_paid_content":false,"footnotes":""},"categories":[2,103],"tags":[197,4684,33,95,19],"class_list":["post-124934","post","type-post","status-publish","format-standard","has-post-thumbnail","hentry","category-locales","category-policiales-locales","tag-buenos-aires","tag-joven-menor-de-edad-aprehendido-tras-agredir-a-un-efectivo-en-un-control-policial","tag-locales","tag-policiales","tag-san-pedro"],"aioseo_notices":[],"gutentor_comment":0,"jetpack_featured_media_url":"https:\/\/eldiariodesanpedro.com.ar\/sitio\/wp-content\/uploads\/2024\/01\/medida-3.png","jetpack_shortlink":"https:\/\/wp.me\/p6RhLt-wv4","jetpack_sharing_enabled":true,"_links":{"self":[{"href":"https:\/\/eldiariodesanpedro.com.ar\/sitio\/wp-json\/wp\/v2\/posts\/124934","targetHints":{"allow":["GET"]}}],"collection":[{"href":"https:\/\/eldiariodesanpedro.com.ar\/sitio\/wp-json\/wp\/v2\/posts"}],"about":[{"href":"https:\/\/eldiariodesanpedro.com.ar\/sitio\/wp-json\/wp\/v2\/types\/post"}],"author":[{"embeddable":true,"href":"https:\/\/eldiariodesanpedro.com.ar\/sitio\/wp-json\/wp\/v2\/users\/4"}],"replies":[{"embeddable":true,"href":"https:\/\/eldiariodesanpedro.com.ar\/sitio\/wp-json\/wp\/v2\/comments?post=124934"}],"version-history":[{"count":1,"href":"https:\/\/eldiariodesanpedro.com.ar\/sitio\/wp-json\/wp\/v2\/posts\/124934\/revisions"}],"predecessor-version":[{"id":124936,"href":"https:\/\/eldiariodesanpedro.com.ar\/sitio\/wp-json\/wp\/v2\/posts\/124934\/revisions\/124936"}],"wp:featuredmedia":[{"embeddable":true,"href":"https:\/\/eldiariodesanpedro.com.ar\/sitio\/wp-json\/wp\/v2\/media\/124935"}],"wp:attachment":[{"href":"https:\/\/eldiariodesanpedro.com.ar\/sitio\/wp-json\/wp\/v2\/media?parent=124934"}],"wp:term":[{"taxonomy":"category","embeddable":true,"href":"https:\/\/eldiariodesanpedro.com.ar\/sitio\/wp-json\/wp\/v2\/categories?post=124934"},{"taxonomy":"post_tag","embeddable":true,"href":"https:\/\/eldiariodesanpedro.com.ar\/sitio\/wp-json\/wp\/v2\/tags?post=124934"}],"curies":[{"name":"wp","href":"https:\/\/api.w.org\/{rel}","templated":true}]}}