{"id":124931,"date":"2024-01-03T11:05:25","date_gmt":"2024-01-03T14:05:25","guid":{"rendered":"https:\/\/eldiariodesanpedro.com.ar\/sitio\/?p=124931"},"modified":"2024-01-03T11:05:28","modified_gmt":"2024-01-03T14:05:28","slug":"aprendieron-a-un-delincuente-que-robo-una-garrafa-dias-atras","status":"publish","type":"post","link":"https:\/\/eldiariodesanpedro.com.ar\/sitio\/aprendieron-a-un-delincuente-que-robo-una-garrafa-dias-atras\/","title":{"rendered":"Aprendieron a un delincuente que rob\u00f3 una garrafa d\u00edas atr\u00e1s"},"content":{"rendered":"<!-- VideographyWP Plugin Message: Automatic video embedding prevented by plugin options. -->\n\n<p>En el transcurso del d\u00eda de ayer, en la tarde, el personal policial del Gabinete Criminol\u00f3gico llev\u00f3 a cabo una orden de allanamiento en la calle Linier al 2200 como parte de una investigaci\u00f3n vinculada a un hecho de hurto ocurrido el primero de enero en un domicilio ubicado en San Lorenzo al 1700. Durante el allanamiento, se procedi\u00f3 a la aprehensi\u00f3n de un individuo de 23 a\u00f1os y al secuestro de una garrafa de 10 kilos que se hab\u00eda sustra\u00eddo seg\u00fan lo se\u00f1alado por el sindicado. El implicado fue debidamente notificado sobre la formaci\u00f3n de la causa y, posteriormente, recuper\u00f3 su libertad. La Fiscal\u00eda a cargo es la UFI 07.<\/p>\n","protected":false},"excerpt":{"rendered":"<p>En el transcurso del d\u00eda de ayer, en la tarde, el personal policial del Gabinete Criminol\u00f3gico llev\u00f3 a cabo una orden de allanamiento en la calle Linier al 2200 como parte de una investigaci\u00f3n vinculada a un hecho de hurto ocurrido el primero de enero en un domicilio ubicado en San Lorenzo al 1700. Durante [&hellip;]<\/p>\n","protected":false},"author":4,"featured_media":124932,"comment_status":"closed","ping_status":"closed","sticky":false,"template":"","format":"standard","meta":{"om_disable_all_campaigns":false,"_jetpack_memberships_contains_paid_content":false,"footnotes":""},"categories":[2,103],"tags":[197,33,95,19],"class_list":["post-124931","post","type-post","status-publish","format-standard","has-post-thumbnail","hentry","category-locales","category-policiales-locales","tag-buenos-aires","tag-locales","tag-policiales","tag-san-pedro"],"aioseo_notices":[],"gutentor_comment":0,"jetpack_featured_media_url":"https:\/\/eldiariodesanpedro.com.ar\/sitio\/wp-content\/uploads\/2024\/01\/medida-2.png","jetpack_shortlink":"https:\/\/wp.me\/p6RhLt-wv1","jetpack_sharing_enabled":true,"_links":{"self":[{"href":"https:\/\/eldiariodesanpedro.com.ar\/sitio\/wp-json\/wp\/v2\/posts\/124931","targetHints":{"allow":["GET"]}}],"collection":[{"href":"https:\/\/eldiariodesanpedro.com.ar\/sitio\/wp-json\/wp\/v2\/posts"}],"about":[{"href":"https:\/\/eldiariodesanpedro.com.ar\/sitio\/wp-json\/wp\/v2\/types\/post"}],"author":[{"embeddable":true,"href":"https:\/\/eldiariodesanpedro.com.ar\/sitio\/wp-json\/wp\/v2\/users\/4"}],"replies":[{"embeddable":true,"href":"https:\/\/eldiariodesanpedro.com.ar\/sitio\/wp-json\/wp\/v2\/comments?post=124931"}],"version-history":[{"count":1,"href":"https:\/\/eldiariodesanpedro.com.ar\/sitio\/wp-json\/wp\/v2\/posts\/124931\/revisions"}],"predecessor-version":[{"id":124933,"href":"https:\/\/eldiariodesanpedro.com.ar\/sitio\/wp-json\/wp\/v2\/posts\/124931\/revisions\/124933"}],"wp:featuredmedia":[{"embeddable":true,"href":"https:\/\/eldiariodesanpedro.com.ar\/sitio\/wp-json\/wp\/v2\/media\/124932"}],"wp:attachment":[{"href":"https:\/\/eldiariodesanpedro.com.ar\/sitio\/wp-json\/wp\/v2\/media?parent=124931"}],"wp:term":[{"taxonomy":"category","embeddable":true,"href":"https:\/\/eldiariodesanpedro.com.ar\/sitio\/wp-json\/wp\/v2\/categories?post=124931"},{"taxonomy":"post_tag","embeddable":true,"href":"https:\/\/eldiariodesanpedro.com.ar\/sitio\/wp-json\/wp\/v2\/tags?post=124931"}],"curies":[{"name":"wp","href":"https:\/\/api.w.org\/{rel}","templated":true}]}}