{"id":124926,"date":"2024-01-03T10:42:27","date_gmt":"2024-01-03T13:42:27","guid":{"rendered":"https:\/\/eldiariodesanpedro.com.ar\/sitio\/?p=124926"},"modified":"2024-01-03T10:42:29","modified_gmt":"2024-01-03T13:42:29","slug":"el-operativo-sol-envio-cinco-efectivos-para-san-pedro","status":"publish","type":"post","link":"https:\/\/eldiariodesanpedro.com.ar\/sitio\/el-operativo-sol-envio-cinco-efectivos-para-san-pedro\/","title":{"rendered":"El Operativo Sol envio cinco efectivos para San Pedro"},"content":{"rendered":"<!-- VideographyWP Plugin Message: Automatic video embedding prevented by plugin options. -->\n\n<p>El Ministerio de Seguridad de la provincia de Buenos Aires ha asignado cinco efectivos del operativo \u00abDe Sol a Sol\u00bb a San Pedro. Este dispositivo de seguridad veraniego fue coordinado por las autoridades locales y los l\u00edderes policiales del distrito. Los agentes se enfocar\u00e1n en la zona ribere\u00f1a, seg\u00fan lo comunicado por la Comisar\u00eda de San Pedro.<\/p>\n\n\n\n<p>Aunque \u00abDe Sol a Sol\u00bb tiene una mayor presencia en la Costa Atl\u00e1ntica Bonaerense, en los \u00faltimos a\u00f1os se ha extendido la asignaci\u00f3n de efectivos reci\u00e9n egresados de la Escuela \u00abJuan Vucetich\u00bb a ciudades tur\u00edsticas del interior bonaerense.<\/p>\n\n\n\n<p>En todo el territorio de la provincia, el despliegue comprende m\u00e1s de 22,300 efectivos policiales, 185 autos, 76 motocicletas, 10 camiones, 6 helic\u00f3pteros, 4 motos de agua, 2 lanchas, 4 drones y 20 torres de vigilancia.<\/p>\n","protected":false},"excerpt":{"rendered":"<p>El Ministerio de Seguridad de la provincia de Buenos Aires ha asignado cinco efectivos del operativo \u00abDe Sol a Sol\u00bb a San Pedro. Este dispositivo de seguridad veraniego fue coordinado por las autoridades locales y los l\u00edderes policiales del distrito. Los agentes se enfocar\u00e1n en la zona ribere\u00f1a, seg\u00fan lo comunicado por la Comisar\u00eda de [&hellip;]<\/p>\n","protected":false},"author":4,"featured_media":124927,"comment_status":"closed","ping_status":"closed","sticky":false,"template":"","format":"standard","meta":{"om_disable_all_campaigns":false,"_jetpack_memberships_contains_paid_content":false,"footnotes":""},"categories":[50,101,2],"tags":[197,696,33,19],"class_list":["post-124926","post","type-post","status-publish","format-standard","has-post-thumbnail","hentry","category-destacadas","category-interes-general-locales","category-locales","tag-buenos-aires","tag-interes-general","tag-locales","tag-san-pedro"],"aioseo_notices":[],"gutentor_comment":0,"jetpack_featured_media_url":"https:\/\/eldiariodesanpedro.com.ar\/sitio\/wp-content\/uploads\/2024\/01\/medida-1.png","jetpack_shortlink":"https:\/\/wp.me\/p6RhLt-wuW","jetpack_sharing_enabled":true,"_links":{"self":[{"href":"https:\/\/eldiariodesanpedro.com.ar\/sitio\/wp-json\/wp\/v2\/posts\/124926","targetHints":{"allow":["GET"]}}],"collection":[{"href":"https:\/\/eldiariodesanpedro.com.ar\/sitio\/wp-json\/wp\/v2\/posts"}],"about":[{"href":"https:\/\/eldiariodesanpedro.com.ar\/sitio\/wp-json\/wp\/v2\/types\/post"}],"author":[{"embeddable":true,"href":"https:\/\/eldiariodesanpedro.com.ar\/sitio\/wp-json\/wp\/v2\/users\/4"}],"replies":[{"embeddable":true,"href":"https:\/\/eldiariodesanpedro.com.ar\/sitio\/wp-json\/wp\/v2\/comments?post=124926"}],"version-history":[{"count":1,"href":"https:\/\/eldiariodesanpedro.com.ar\/sitio\/wp-json\/wp\/v2\/posts\/124926\/revisions"}],"predecessor-version":[{"id":124928,"href":"https:\/\/eldiariodesanpedro.com.ar\/sitio\/wp-json\/wp\/v2\/posts\/124926\/revisions\/124928"}],"wp:featuredmedia":[{"embeddable":true,"href":"https:\/\/eldiariodesanpedro.com.ar\/sitio\/wp-json\/wp\/v2\/media\/124927"}],"wp:attachment":[{"href":"https:\/\/eldiariodesanpedro.com.ar\/sitio\/wp-json\/wp\/v2\/media?parent=124926"}],"wp:term":[{"taxonomy":"category","embeddable":true,"href":"https:\/\/eldiariodesanpedro.com.ar\/sitio\/wp-json\/wp\/v2\/categories?post=124926"},{"taxonomy":"post_tag","embeddable":true,"href":"https:\/\/eldiariodesanpedro.com.ar\/sitio\/wp-json\/wp\/v2\/tags?post=124926"}],"curies":[{"name":"wp","href":"https:\/\/api.w.org\/{rel}","templated":true}]}}