{"id":124923,"date":"2024-01-03T10:32:39","date_gmt":"2024-01-03T13:32:39","guid":{"rendered":"https:\/\/eldiariodesanpedro.com.ar\/sitio\/?p=124923"},"modified":"2024-01-03T10:32:41","modified_gmt":"2024-01-03T13:32:41","slug":"un-joven-aprehendido-tras-tratar-de-robar-una-motocicleta","status":"publish","type":"post","link":"https:\/\/eldiariodesanpedro.com.ar\/sitio\/un-joven-aprehendido-tras-tratar-de-robar-una-motocicleta\/","title":{"rendered":"Un joven aprehendido tras tratar de robar una motocicleta"},"content":{"rendered":"<!-- VideographyWP Plugin Message: Automatic video embedding prevented by plugin options. -->\n\n<p>El personal policial respondi\u00f3 a una alerta 911 en la jornada de ayer, desplaz\u00e1ndose a la intersecci\u00f3n de las calles Ansaloni y Cucit. All\u00ed, se procedi\u00f3 a la aprehensi\u00f3n de un individuo mayor de edad que estaba intentando sustraer una motocicleta Corven 110cc, propiedad de una mujer. El sospechoso permanece alojado en dependencias policiales.<\/p>\n","protected":false},"excerpt":{"rendered":"<p>El personal policial respondi\u00f3 a una alerta 911 en la jornada de ayer, desplaz\u00e1ndose a la intersecci\u00f3n de las calles Ansaloni y Cucit. All\u00ed, se procedi\u00f3 a la aprehensi\u00f3n de un individuo mayor de edad que estaba intentando sustraer una motocicleta Corven 110cc, propiedad de una mujer. El sospechoso permanece alojado en dependencias policiales.<\/p>\n","protected":false},"author":4,"featured_media":124924,"comment_status":"closed","ping_status":"closed","sticky":false,"template":"","format":"standard","meta":{"om_disable_all_campaigns":false,"_jetpack_memberships_contains_paid_content":false,"footnotes":""},"categories":[2,103],"tags":[197,696,95,19],"class_list":["post-124923","post","type-post","status-publish","format-standard","has-post-thumbnail","hentry","category-locales","category-policiales-locales","tag-buenos-aires","tag-interes-general","tag-policiales","tag-san-pedro"],"aioseo_notices":[],"gutentor_comment":0,"jetpack_featured_media_url":"https:\/\/eldiariodesanpedro.com.ar\/sitio\/wp-content\/uploads\/2024\/01\/medida.png","jetpack_shortlink":"https:\/\/wp.me\/p6RhLt-wuT","jetpack_sharing_enabled":true,"_links":{"self":[{"href":"https:\/\/eldiariodesanpedro.com.ar\/sitio\/wp-json\/wp\/v2\/posts\/124923","targetHints":{"allow":["GET"]}}],"collection":[{"href":"https:\/\/eldiariodesanpedro.com.ar\/sitio\/wp-json\/wp\/v2\/posts"}],"about":[{"href":"https:\/\/eldiariodesanpedro.com.ar\/sitio\/wp-json\/wp\/v2\/types\/post"}],"author":[{"embeddable":true,"href":"https:\/\/eldiariodesanpedro.com.ar\/sitio\/wp-json\/wp\/v2\/users\/4"}],"replies":[{"embeddable":true,"href":"https:\/\/eldiariodesanpedro.com.ar\/sitio\/wp-json\/wp\/v2\/comments?post=124923"}],"version-history":[{"count":1,"href":"https:\/\/eldiariodesanpedro.com.ar\/sitio\/wp-json\/wp\/v2\/posts\/124923\/revisions"}],"predecessor-version":[{"id":124925,"href":"https:\/\/eldiariodesanpedro.com.ar\/sitio\/wp-json\/wp\/v2\/posts\/124923\/revisions\/124925"}],"wp:featuredmedia":[{"embeddable":true,"href":"https:\/\/eldiariodesanpedro.com.ar\/sitio\/wp-json\/wp\/v2\/media\/124924"}],"wp:attachment":[{"href":"https:\/\/eldiariodesanpedro.com.ar\/sitio\/wp-json\/wp\/v2\/media?parent=124923"}],"wp:term":[{"taxonomy":"category","embeddable":true,"href":"https:\/\/eldiariodesanpedro.com.ar\/sitio\/wp-json\/wp\/v2\/categories?post=124923"},{"taxonomy":"post_tag","embeddable":true,"href":"https:\/\/eldiariodesanpedro.com.ar\/sitio\/wp-json\/wp\/v2\/tags?post=124923"}],"curies":[{"name":"wp","href":"https:\/\/api.w.org\/{rel}","templated":true}]}}