{"id":124915,"date":"2024-01-02T12:53:02","date_gmt":"2024-01-02T15:53:02","guid":{"rendered":"https:\/\/eldiariodesanpedro.com.ar\/sitio\/?p=124915"},"modified":"2024-01-02T12:53:04","modified_gmt":"2024-01-02T15:53:04","slug":"operativo-de-fumigacion-contra-mosquitos-en-santa-lucia-y-pueblo-doyle","status":"publish","type":"post","link":"https:\/\/eldiariodesanpedro.com.ar\/sitio\/operativo-de-fumigacion-contra-mosquitos-en-santa-lucia-y-pueblo-doyle\/","title":{"rendered":"Operativo de Fumigaci\u00f3n contra Mosquitos en Santa Luc\u00eda y Pueblo Doyle"},"content":{"rendered":"<!-- VideographyWP Plugin Message: Automatic video embedding prevented by plugin options. -->\n\n<p>La Direcci\u00f3n de Bromatolog\u00eda de la Municipalidad de San Pedro llevar\u00e1 a cabo un operativo de fumigaci\u00f3n contra mosquitos durante la noche de hoy en Santa Luc\u00eda y Pueblo Doyle.<br>Si se dan las condiciones necesarias, dicha acci\u00f3n se realizar\u00e1 tambi\u00e9n ma\u00f1ana en diversos puntos de la ciudad y \u00e1reas verdes, con el objetivo de prevenir su propagaci\u00f3n.<br>Es importante destacar que la semana pasada se llevaron a cabo tareas similares en Bajo Tala, en el paraje La Buena Moza y Vuelta de Obligado.<br>Se recuerda que la mejor manera de combatir la propagaci\u00f3n de mosquitos es a trav\u00e9s de la prevenci\u00f3n y eliminaci\u00f3n de los posibles criaderos. Se recomienda desechar todos los recipientes que puedan contener agua limpia y clara, en caso de que no sea posible deshacerse de estos elementos, evitar que se acumule&nbsp;agua&nbsp;en&nbsp;ellos.<\/p>\n","protected":false},"excerpt":{"rendered":"<p>La Direcci\u00f3n de Bromatolog\u00eda de la Municipalidad de San Pedro llevar\u00e1 a cabo un operativo de fumigaci\u00f3n contra mosquitos durante la noche de hoy en Santa Luc\u00eda y Pueblo Doyle.Si se dan las condiciones necesarias, dicha acci\u00f3n se realizar\u00e1 tambi\u00e9n ma\u00f1ana en diversos puntos de la ciudad y \u00e1reas verdes, con el objetivo de prevenir [&hellip;]<\/p>\n","protected":false},"author":4,"featured_media":72092,"comment_status":"closed","ping_status":"closed","sticky":false,"template":"","format":"standard","meta":{"om_disable_all_campaigns":false,"_jetpack_memberships_contains_paid_content":false,"footnotes":""},"categories":[50,101,2],"tags":[4680],"class_list":["post-124915","post","type-post","status-publish","format-standard","has-post-thumbnail","hentry","category-destacadas","category-interes-general-locales","category-locales","tag-operativo-de-fumigacion-contra-mosquitos-en-santa-lucia-y-pueblo-doyle"],"aioseo_notices":[],"gutentor_comment":0,"jetpack_featured_media_url":"https:\/\/eldiariodesanpedro.com.ar\/sitio\/wp-content\/uploads\/2020\/04\/fumigacion_san_pedro.jpg","jetpack_shortlink":"https:\/\/wp.me\/p6RhLt-wuL","jetpack_sharing_enabled":true,"_links":{"self":[{"href":"https:\/\/eldiariodesanpedro.com.ar\/sitio\/wp-json\/wp\/v2\/posts\/124915","targetHints":{"allow":["GET"]}}],"collection":[{"href":"https:\/\/eldiariodesanpedro.com.ar\/sitio\/wp-json\/wp\/v2\/posts"}],"about":[{"href":"https:\/\/eldiariodesanpedro.com.ar\/sitio\/wp-json\/wp\/v2\/types\/post"}],"author":[{"embeddable":true,"href":"https:\/\/eldiariodesanpedro.com.ar\/sitio\/wp-json\/wp\/v2\/users\/4"}],"replies":[{"embeddable":true,"href":"https:\/\/eldiariodesanpedro.com.ar\/sitio\/wp-json\/wp\/v2\/comments?post=124915"}],"version-history":[{"count":1,"href":"https:\/\/eldiariodesanpedro.com.ar\/sitio\/wp-json\/wp\/v2\/posts\/124915\/revisions"}],"predecessor-version":[{"id":124916,"href":"https:\/\/eldiariodesanpedro.com.ar\/sitio\/wp-json\/wp\/v2\/posts\/124915\/revisions\/124916"}],"wp:featuredmedia":[{"embeddable":true,"href":"https:\/\/eldiariodesanpedro.com.ar\/sitio\/wp-json\/wp\/v2\/media\/72092"}],"wp:attachment":[{"href":"https:\/\/eldiariodesanpedro.com.ar\/sitio\/wp-json\/wp\/v2\/media?parent=124915"}],"wp:term":[{"taxonomy":"category","embeddable":true,"href":"https:\/\/eldiariodesanpedro.com.ar\/sitio\/wp-json\/wp\/v2\/categories?post=124915"},{"taxonomy":"post_tag","embeddable":true,"href":"https:\/\/eldiariodesanpedro.com.ar\/sitio\/wp-json\/wp\/v2\/tags?post=124915"}],"curies":[{"name":"wp","href":"https:\/\/api.w.org\/{rel}","templated":true}]}}