{"id":124905,"date":"2024-01-02T10:42:14","date_gmt":"2024-01-02T13:42:14","guid":{"rendered":"https:\/\/eldiariodesanpedro.com.ar\/sitio\/?p=124905"},"modified":"2024-01-02T10:42:16","modified_gmt":"2024-01-02T13:42:16","slug":"comienza-el-ciclo-cine-bajo-las-estrellas-2024","status":"publish","type":"post","link":"https:\/\/eldiariodesanpedro.com.ar\/sitio\/comienza-el-ciclo-cine-bajo-las-estrellas-2024\/","title":{"rendered":"Comienza el ciclo \u00abCine Bajo las\u00a0Estrellas\u00a02024\u00bb"},"content":{"rendered":"<!-- VideographyWP Plugin Message: Automatic video embedding prevented by plugin options. -->\n\n<p>Este mi\u00e9rcoles, regresa el ciclo \u00abCine Bajo Las Estrellas\u00bb a la plaza Belgrano con la proyecci\u00f3n de la pel\u00edcula \u00abCasi muerta\u00bb, dirigida por Fern\u00e1n Mir\u00e1s y protagonizada por Natalia Oreiro. En lo que queda del verano, la Direcci\u00f3n de Cultura de la Municipalidad organizar\u00e1 la proyecci\u00f3n de pel\u00edculas nacionales todos los mi\u00e9rcoles a las 20.30 horas en la misma ubicaci\u00f3n.<\/p>\n\n\n\n<p>La siguiente fecha programada es el mi\u00e9rcoles 10, con la pel\u00edcula \u00abLa Noche M\u00e1gica\u00bb dirigida por Gast\u00f3n Portal, que cuenta con la participaci\u00f3n de Esteban Bigliardi, Diego Peretti, Natalia Oreiro y Pablo Rago.<\/p>\n\n\n\n<p>A lo largo de la temporada estival, se presentar\u00e1n diversas pel\u00edculas, entre ellas, \u00abEl Angel\u00bb, \u00abBlondi\u00bb, \u00abLa Extorsi\u00f3n\u00bb, \u00abEl Vasco\u00bb, \u00abPap\u00e1 al rescate\u00bb, \u00abArgentina 1985\u00bb y \u00abRetiro Voluntario\u00bb. La entrada a todas las proyecciones es libre y gratuita.<\/p>\n\n\n\n<figure class=\"wp-block-image size-full\"><img decoding=\"async\" width=\"630\" height=\"630\" data-attachment-id=\"124907\" data-permalink=\"https:\/\/eldiariodesanpedro.com.ar\/sitio\/comienza-el-ciclo-cine-bajo-las-estrellas-2024\/imagen-de-whatsapp-2024-01-02-a-las-09-50-45_8d10cbea\/\" data-orig-file=\"https:\/\/eldiariodesanpedro.com.ar\/sitio\/wp-content\/uploads\/2024\/01\/Imagen-de-WhatsApp-2024-01-02-a-las-09.50.45_8d10cbea.jpg\" data-orig-size=\"630,630\" data-comments-opened=\"0\" data-image-meta=\"{&quot;aperture&quot;:&quot;0&quot;,&quot;credit&quot;:&quot;&quot;,&quot;camera&quot;:&quot;&quot;,&quot;caption&quot;:&quot;&quot;,&quot;created_timestamp&quot;:&quot;0&quot;,&quot;copyright&quot;:&quot;&quot;,&quot;focal_length&quot;:&quot;0&quot;,&quot;iso&quot;:&quot;0&quot;,&quot;shutter_speed&quot;:&quot;0&quot;,&quot;title&quot;:&quot;&quot;,&quot;orientation&quot;:&quot;0&quot;}\" data-image-title=\"Imagen de WhatsApp 2024-01-02 a las 09.50.45_8d10cbea\" data-image-description=\"\" data-image-caption=\"\" data-large-file=\"https:\/\/eldiariodesanpedro.com.ar\/sitio\/wp-content\/uploads\/2024\/01\/Imagen-de-WhatsApp-2024-01-02-a-las-09.50.45_8d10cbea.jpg\" data-src=\"https:\/\/eldiariodesanpedro.com.ar\/sitio\/wp-content\/uploads\/2024\/01\/Imagen-de-WhatsApp-2024-01-02-a-las-09.50.45_8d10cbea.jpg\" alt=\"\" class=\"wp-image-124907 lazyload\" data-srcset=\"https:\/\/eldiariodesanpedro.com.ar\/sitio\/wp-content\/uploads\/2024\/01\/Imagen-de-WhatsApp-2024-01-02-a-las-09.50.45_8d10cbea.jpg 630w, https:\/\/eldiariodesanpedro.com.ar\/sitio\/wp-content\/uploads\/2024\/01\/Imagen-de-WhatsApp-2024-01-02-a-las-09.50.45_8d10cbea-300x300.jpg 300w, https:\/\/eldiariodesanpedro.com.ar\/sitio\/wp-content\/uploads\/2024\/01\/Imagen-de-WhatsApp-2024-01-02-a-las-09.50.45_8d10cbea-150x150.jpg 150w\" data-sizes=\"(max-width: 630px) 100vw, 630px\" src=\"data:image\/svg+xml;base64,PHN2ZyB3aWR0aD0iMSIgaGVpZ2h0PSIxIiB4bWxucz0iaHR0cDovL3d3dy53My5vcmcvMjAwMC9zdmciPjwvc3ZnPg==\" style=\"--smush-placeholder-width: 630px; --smush-placeholder-aspect-ratio: 630\/630;\" \/><\/figure>\n\n\n\n<figure class=\"wp-block-image size-full\"><img decoding=\"async\" width=\"630\" height=\"630\" data-attachment-id=\"124908\" data-permalink=\"https:\/\/eldiariodesanpedro.com.ar\/sitio\/comienza-el-ciclo-cine-bajo-las-estrellas-2024\/imagen-de-whatsapp-2024-01-02-a-las-09-50-45_49425939\/\" data-orig-file=\"https:\/\/eldiariodesanpedro.com.ar\/sitio\/wp-content\/uploads\/2024\/01\/Imagen-de-WhatsApp-2024-01-02-a-las-09.50.45_49425939.jpg\" data-orig-size=\"630,630\" data-comments-opened=\"0\" data-image-meta=\"{&quot;aperture&quot;:&quot;0&quot;,&quot;credit&quot;:&quot;&quot;,&quot;camera&quot;:&quot;&quot;,&quot;caption&quot;:&quot;&quot;,&quot;created_timestamp&quot;:&quot;0&quot;,&quot;copyright&quot;:&quot;&quot;,&quot;focal_length&quot;:&quot;0&quot;,&quot;iso&quot;:&quot;0&quot;,&quot;shutter_speed&quot;:&quot;0&quot;,&quot;title&quot;:&quot;&quot;,&quot;orientation&quot;:&quot;0&quot;}\" data-image-title=\"Imagen de WhatsApp 2024-01-02 a las 09.50.45_49425939\" data-image-description=\"\" data-image-caption=\"\" data-large-file=\"https:\/\/eldiariodesanpedro.com.ar\/sitio\/wp-content\/uploads\/2024\/01\/Imagen-de-WhatsApp-2024-01-02-a-las-09.50.45_49425939.jpg\" data-src=\"https:\/\/eldiariodesanpedro.com.ar\/sitio\/wp-content\/uploads\/2024\/01\/Imagen-de-WhatsApp-2024-01-02-a-las-09.50.45_49425939.jpg\" alt=\"\" class=\"wp-image-124908 lazyload\" data-srcset=\"https:\/\/eldiariodesanpedro.com.ar\/sitio\/wp-content\/uploads\/2024\/01\/Imagen-de-WhatsApp-2024-01-02-a-las-09.50.45_49425939.jpg 630w, https:\/\/eldiariodesanpedro.com.ar\/sitio\/wp-content\/uploads\/2024\/01\/Imagen-de-WhatsApp-2024-01-02-a-las-09.50.45_49425939-300x300.jpg 300w, https:\/\/eldiariodesanpedro.com.ar\/sitio\/wp-content\/uploads\/2024\/01\/Imagen-de-WhatsApp-2024-01-02-a-las-09.50.45_49425939-150x150.jpg 150w\" data-sizes=\"(max-width: 630px) 100vw, 630px\" src=\"data:image\/svg+xml;base64,PHN2ZyB3aWR0aD0iMSIgaGVpZ2h0PSIxIiB4bWxucz0iaHR0cDovL3d3dy53My5vcmcvMjAwMC9zdmciPjwvc3ZnPg==\" style=\"--smush-placeholder-width: 630px; --smush-placeholder-aspect-ratio: 630\/630;\" \/><\/figure>\n","protected":false},"excerpt":{"rendered":"<p>Este mi\u00e9rcoles, regresa el ciclo \u00abCine Bajo Las Estrellas\u00bb a la plaza Belgrano con la proyecci\u00f3n de la pel\u00edcula \u00abCasi muerta\u00bb, dirigida por Fern\u00e1n Mir\u00e1s y protagonizada por Natalia Oreiro. En lo que queda del verano, la Direcci\u00f3n de Cultura de la Municipalidad organizar\u00e1 la proyecci\u00f3n de pel\u00edculas nacionales todos los mi\u00e9rcoles a las 20.30 [&hellip;]<\/p>\n","protected":false},"author":4,"featured_media":124906,"comment_status":"closed","ping_status":"closed","sticky":false,"template":"","format":"standard","meta":{"om_disable_all_campaigns":false,"_jetpack_memberships_contains_paid_content":false,"footnotes":""},"categories":[101,2],"tags":[197,696,33,19],"class_list":["post-124905","post","type-post","status-publish","format-standard","has-post-thumbnail","hentry","category-interes-general-locales","category-locales","tag-buenos-aires","tag-interes-general","tag-locales","tag-san-pedro"],"aioseo_notices":[],"gutentor_comment":0,"jetpack_featured_media_url":"https:\/\/eldiariodesanpedro.com.ar\/sitio\/wp-content\/uploads\/2024\/01\/Imagen-de-WhatsApp-2024-01-02-a-las-09.50.44_bd080fc5.jpg","jetpack_shortlink":"https:\/\/wp.me\/p6RhLt-wuB","jetpack_sharing_enabled":true,"_links":{"self":[{"href":"https:\/\/eldiariodesanpedro.com.ar\/sitio\/wp-json\/wp\/v2\/posts\/124905","targetHints":{"allow":["GET"]}}],"collection":[{"href":"https:\/\/eldiariodesanpedro.com.ar\/sitio\/wp-json\/wp\/v2\/posts"}],"about":[{"href":"https:\/\/eldiariodesanpedro.com.ar\/sitio\/wp-json\/wp\/v2\/types\/post"}],"author":[{"embeddable":true,"href":"https:\/\/eldiariodesanpedro.com.ar\/sitio\/wp-json\/wp\/v2\/users\/4"}],"replies":[{"embeddable":true,"href":"https:\/\/eldiariodesanpedro.com.ar\/sitio\/wp-json\/wp\/v2\/comments?post=124905"}],"version-history":[{"count":1,"href":"https:\/\/eldiariodesanpedro.com.ar\/sitio\/wp-json\/wp\/v2\/posts\/124905\/revisions"}],"predecessor-version":[{"id":124909,"href":"https:\/\/eldiariodesanpedro.com.ar\/sitio\/wp-json\/wp\/v2\/posts\/124905\/revisions\/124909"}],"wp:featuredmedia":[{"embeddable":true,"href":"https:\/\/eldiariodesanpedro.com.ar\/sitio\/wp-json\/wp\/v2\/media\/124906"}],"wp:attachment":[{"href":"https:\/\/eldiariodesanpedro.com.ar\/sitio\/wp-json\/wp\/v2\/media?parent=124905"}],"wp:term":[{"taxonomy":"category","embeddable":true,"href":"https:\/\/eldiariodesanpedro.com.ar\/sitio\/wp-json\/wp\/v2\/categories?post=124905"},{"taxonomy":"post_tag","embeddable":true,"href":"https:\/\/eldiariodesanpedro.com.ar\/sitio\/wp-json\/wp\/v2\/tags?post=124905"}],"curies":[{"name":"wp","href":"https:\/\/api.w.org\/{rel}","templated":true}]}}