{"id":124895,"date":"2024-01-02T09:56:30","date_gmt":"2024-01-02T12:56:30","guid":{"rendered":"https:\/\/eldiariodesanpedro.com.ar\/sitio\/?p=124895"},"modified":"2024-01-02T10:01:01","modified_gmt":"2024-01-02T13:01:01","slug":"trabajadores-de-un-vivero-en-san-pedro-descubren-un-machacador-de-mortero-aborigen","status":"publish","type":"post","link":"https:\/\/eldiariodesanpedro.com.ar\/sitio\/trabajadores-de-un-vivero-en-san-pedro-descubren-un-machacador-de-mortero-aborigen\/","title":{"rendered":"Trabajadores de un vivero en San Pedro descubren un machacador de mortero aborigen"},"content":{"rendered":"<!-- VideographyWP Plugin Message: Automatic video embedding prevented by plugin options. -->\n\n<p>Trabajadores de un vivero ubicado en cercan\u00edas de San Pedro, descubri\u00f3 una pieza arqueol\u00f3gica utilizada para moler cereales en la antig\u00fcedad. El objeto de piedra fue hallado mientras los j\u00f3venes <strong>Juan Antonio y Nahuel Barrios<\/strong> realizaban tareas de extracci\u00f3n de plantas en el predio de la <strong>familia Billoch<\/strong>, reconocidos productores viveristas de la zona de San Pedro.<\/p>\n\n\n\n<p>El elemento hallado es una \u201c<strong>mano de metate o molino<\/strong>\u201d, construido en roca de color gris, que fue recuperado a pocos cent\u00edmetros bajo la superficie del campo, luego de que una de las palas que utilizaban los trabajadores rurales golpeara contra el duro objeto.<\/p>\n\n\n\n<p>De inmediato, el Sr. Guillermo Billoch, uno de los propietarios del lugar, se acerc\u00f3 al <strong>Museo Paleontol\u00f3gico de San Pedro<\/strong> con la pieza recuperada dej\u00e1ndola a disposici\u00f3n de la instituci\u00f3n.<\/p>\n\n\n\n<p>El <strong>Grupo Conservacionista de F\u00f3siles<\/strong>, equipo de la instituci\u00f3n sampedrina, se comunic\u00f3 con el <strong>Dr. Daniel Loponte<\/strong>, investigador de Conicet y arque\u00f3logo del Instituto Nacional de Antropolog\u00eda y Pensamiento Latinoamericano (INAPL), con quien el museo interact\u00faa en estos casos.<\/p>\n\n\n\n<p>De acuerdo a la opini\u00f3n del Dr. Loponte, \u201cEl hallazgo parece corresponder a una mano de metate o mano de molino, formada en una roca metam\u00f3rfica al\u00f3ctona (ajena) a la regi\u00f3n. Estos artefactos comenzaron a utilizarse en \u00e9pocas prehisp\u00e1nicas por parte de las sociedades ind\u00edgenas del noroeste y centro del pa\u00eds, y se siguieron utilizando\u00a0hasta bien entrada la \u00e9poca colonial y principios de la independencia. Dado que apareci\u00f3 enterrada sin ning\u00fan contexto asociado, es dif\u00edcil determinar su antig\u00fcedad. Los ind\u00edgenas locales de la \u00e9poca pre colonial no las utilizaban pero no puede descartarse que sea un artefacto ind\u00edgena manufacturado en las Sierras Centrales o el noroeste argentino y desde all\u00ed haya llegado a trav\u00e9s de procesos de intercambio hasta las costas del Paran\u00e1 donde las sociedades pre coloniales podr\u00edan haberla empleado en el procesamiento de vegetales para obtener harinas. Como se\u00f1alamos anteriormente, tampoco puede descartarse que pertenezca al per\u00edodo hist\u00f3rico. Un an\u00e1lisis de micro residuos\u00a0adheridos a los poros del artefacto\u00a0ser\u00e1 importante para evaluar su utilizaci\u00f3n efectiva y tambi\u00e9n para estimar, a grandes rasgos, su\u00a0antig\u00fcedad\u201d.<\/p>\n\n\n\n<figure class=\"wp-block-image size-large\"><img decoding=\"async\" width=\"1024\" height=\"470\" data-attachment-id=\"124897\" data-permalink=\"https:\/\/eldiariodesanpedro.com.ar\/sitio\/trabajadores-de-un-vivero-en-san-pedro-descubren-un-machacador-de-mortero-aborigen\/objeto-hallado\/\" data-orig-file=\"https:\/\/eldiariodesanpedro.com.ar\/sitio\/wp-content\/uploads\/2024\/01\/OBJETO-HALLADO.jpg\" data-orig-size=\"1200,551\" data-comments-opened=\"0\" data-image-meta=\"{&quot;aperture&quot;:&quot;0&quot;,&quot;credit&quot;:&quot;&quot;,&quot;camera&quot;:&quot;&quot;,&quot;caption&quot;:&quot;&quot;,&quot;created_timestamp&quot;:&quot;0&quot;,&quot;copyright&quot;:&quot;&quot;,&quot;focal_length&quot;:&quot;0&quot;,&quot;iso&quot;:&quot;0&quot;,&quot;shutter_speed&quot;:&quot;0&quot;,&quot;title&quot;:&quot;&quot;,&quot;orientation&quot;:&quot;1&quot;}\" data-image-title=\"OBJETO HALLADO\" data-image-description=\"\" data-image-caption=\"\" data-large-file=\"https:\/\/eldiariodesanpedro.com.ar\/sitio\/wp-content\/uploads\/2024\/01\/OBJETO-HALLADO-1024x470.jpg\" data-src=\"https:\/\/eldiariodesanpedro.com.ar\/sitio\/wp-content\/uploads\/2024\/01\/OBJETO-HALLADO-1024x470.jpg\" alt=\"\" class=\"wp-image-124897 lazyload\" data-srcset=\"https:\/\/eldiariodesanpedro.com.ar\/sitio\/wp-content\/uploads\/2024\/01\/OBJETO-HALLADO-1024x470.jpg 1024w, https:\/\/eldiariodesanpedro.com.ar\/sitio\/wp-content\/uploads\/2024\/01\/OBJETO-HALLADO-300x138.jpg 300w, https:\/\/eldiariodesanpedro.com.ar\/sitio\/wp-content\/uploads\/2024\/01\/OBJETO-HALLADO-768x353.jpg 768w, https:\/\/eldiariodesanpedro.com.ar\/sitio\/wp-content\/uploads\/2024\/01\/OBJETO-HALLADO.jpg 1200w\" data-sizes=\"(max-width: 1024px) 100vw, 1024px\" src=\"data:image\/svg+xml;base64,PHN2ZyB3aWR0aD0iMSIgaGVpZ2h0PSIxIiB4bWxucz0iaHR0cDovL3d3dy53My5vcmcvMjAwMC9zdmciPjwvc3ZnPg==\" style=\"--smush-placeholder-width: 1024px; --smush-placeholder-aspect-ratio: 1024\/470;\" \/><\/figure>\n","protected":false},"excerpt":{"rendered":"<p>Trabajadores de un vivero ubicado en cercan\u00edas de San Pedro, descubri\u00f3 una pieza arqueol\u00f3gica utilizada para moler cereales en la antig\u00fcedad. El objeto de piedra fue hallado mientras los j\u00f3venes Juan Antonio y Nahuel Barrios realizaban tareas de extracci\u00f3n de plantas en el predio de la familia Billoch, reconocidos productores viveristas de la zona de [&hellip;]<\/p>\n","protected":false},"author":4,"featured_media":124896,"comment_status":"closed","ping_status":"closed","sticky":false,"template":"","format":"standard","meta":{"om_disable_all_campaigns":false,"_jetpack_memberships_contains_paid_content":false,"footnotes":""},"categories":[50,101,2],"tags":[197,696,33,19],"class_list":["post-124895","post","type-post","status-publish","format-standard","has-post-thumbnail","hentry","category-destacadas","category-interes-general-locales","category-locales","tag-buenos-aires","tag-interes-general","tag-locales","tag-san-pedro"],"aioseo_notices":[],"gutentor_comment":0,"jetpack_featured_media_url":"https:\/\/eldiariodesanpedro.com.ar\/sitio\/wp-content\/uploads\/2024\/01\/IMG_20231227_160426823.jpg","jetpack_shortlink":"https:\/\/wp.me\/p6RhLt-wur","jetpack_sharing_enabled":true,"_links":{"self":[{"href":"https:\/\/eldiariodesanpedro.com.ar\/sitio\/wp-json\/wp\/v2\/posts\/124895","targetHints":{"allow":["GET"]}}],"collection":[{"href":"https:\/\/eldiariodesanpedro.com.ar\/sitio\/wp-json\/wp\/v2\/posts"}],"about":[{"href":"https:\/\/eldiariodesanpedro.com.ar\/sitio\/wp-json\/wp\/v2\/types\/post"}],"author":[{"embeddable":true,"href":"https:\/\/eldiariodesanpedro.com.ar\/sitio\/wp-json\/wp\/v2\/users\/4"}],"replies":[{"embeddable":true,"href":"https:\/\/eldiariodesanpedro.com.ar\/sitio\/wp-json\/wp\/v2\/comments?post=124895"}],"version-history":[{"count":2,"href":"https:\/\/eldiariodesanpedro.com.ar\/sitio\/wp-json\/wp\/v2\/posts\/124895\/revisions"}],"predecessor-version":[{"id":124899,"href":"https:\/\/eldiariodesanpedro.com.ar\/sitio\/wp-json\/wp\/v2\/posts\/124895\/revisions\/124899"}],"wp:featuredmedia":[{"embeddable":true,"href":"https:\/\/eldiariodesanpedro.com.ar\/sitio\/wp-json\/wp\/v2\/media\/124896"}],"wp:attachment":[{"href":"https:\/\/eldiariodesanpedro.com.ar\/sitio\/wp-json\/wp\/v2\/media?parent=124895"}],"wp:term":[{"taxonomy":"category","embeddable":true,"href":"https:\/\/eldiariodesanpedro.com.ar\/sitio\/wp-json\/wp\/v2\/categories?post=124895"},{"taxonomy":"post_tag","embeddable":true,"href":"https:\/\/eldiariodesanpedro.com.ar\/sitio\/wp-json\/wp\/v2\/tags?post=124895"}],"curies":[{"name":"wp","href":"https:\/\/api.w.org\/{rel}","templated":true}]}}