{"id":124893,"date":"2024-01-02T09:44:35","date_gmt":"2024-01-02T12:44:35","guid":{"rendered":"https:\/\/eldiariodesanpedro.com.ar\/sitio\/?p=124893"},"modified":"2024-01-02T09:44:39","modified_gmt":"2024-01-02T12:44:39","slug":"suspendieron-los-creditos-de-anses","status":"publish","type":"post","link":"https:\/\/eldiariodesanpedro.com.ar\/sitio\/suspendieron-los-creditos-de-anses\/","title":{"rendered":"Suspendieron los cr\u00e9ditos de ANSES"},"content":{"rendered":"<!-- VideographyWP Plugin Message: Automatic video embedding prevented by plugin options. -->\n\n<p>A trav\u00e9s de la resoluci\u00f3n 1\/2023 publicada este martes en el Bolet\u00edn Oficial, el gobierno dispuso la \u201csuspensi\u00f3n transitoria\u201d de los cr\u00e9ditos Anses para jubilados y pensionados bajo el argumento de \u201ccontribuir a la preservaci\u00f3n del valor y rentabilidad\u201d del Fondo de Garant\u00eda de Sustentabilidad (FGS).<\/p>\n\n\n\n<p>\u201cSusp\u00e9ndase transitoriamente el otorgamiento de cr\u00e9ditos, en el marco del Programa CR\u00c9DITOS ANSES\u201d, determina la resoluci\u00f3n.<a><\/a><\/p>\n\n\n\n<p>Adem\u00e1s, sostienen que la actual inversi\u00f3n en el programa \u201cdebe ser reanalizada considerando si el contexto econ\u00f3mico del pa\u00eds que torna dificultoso ponderar el indice inflacionario de los pr\u00f3ximos meses, as\u00ed como la tasa de inter\u00e9s a aplicar dentro del mercado de pr\u00e9stamos personales\u201d.<\/p>\n\n\n\n<p>La decisi\u00f3n se da en el marco del Decreto de Necesidad y Urgencia N\u00b0 70\/2023 que declar\u00f3 la emergencia p\u00fablica en materia econ\u00f3mica, financiera, fiscal, administrativa, previsional, tarifaria, sanitaria y social hasta el 31 de diciembre de 2025.<\/p>\n\n\n\n<p>As\u00ed, como \u201cmedida preventiva y temporal\u201d se interrumpe el financiamiento \u201chasta tanto se estabilicen las variables econ\u00f3micas y puedan evaluarse las condiciones financieras vigentes\u201d.<\/p>\n\n\n\n<p>El programa, anunciado el pasado 1 de noviembre e impulsado por el ex ministro de Econom\u00eda Sergio Massa y la ex titular de ANSES Fernanda Raverta, permit\u00eda a los trabajadores en relaci\u00f3n de dependencia pedir pr\u00e9stamos de hasta $1 mill\u00f3n con una Tasa Nominal Anual (TNA) del 50% a pagar en 24, 36 o 48 cuotas. En el caso de los jubilados y pensionados del Sistema Integrado y Previsional Argentino (SIPA), el cr\u00e9dito ten\u00eda un l\u00edmite de hasta $600.000 y para los titulares de Pensiones No Contributivas (PNC) y Pensi\u00f3n Universal para el Adulto Mayor (PUAM) de hasta $250.000, con una TNA del 29%.<\/p>\n","protected":false},"excerpt":{"rendered":"<p>A trav\u00e9s de la resoluci\u00f3n 1\/2023 publicada este martes en el Bolet\u00edn Oficial, el gobierno dispuso la \u201csuspensi\u00f3n transitoria\u201d de los cr\u00e9ditos Anses para jubilados y pensionados bajo el argumento de \u201ccontribuir a la preservaci\u00f3n del valor y rentabilidad\u201d del Fondo de Garant\u00eda de Sustentabilidad (FGS). \u201cSusp\u00e9ndase transitoriamente el otorgamiento de cr\u00e9ditos, en el marco [&hellip;]<\/p>\n","protected":false},"author":4,"featured_media":111293,"comment_status":"closed","ping_status":"closed","sticky":false,"template":"","format":"standard","meta":{"om_disable_all_campaigns":false,"_jetpack_memberships_contains_paid_content":false,"footnotes":""},"categories":[101,2],"tags":[197,696,33,19],"class_list":["post-124893","post","type-post","status-publish","format-standard","has-post-thumbnail","hentry","category-interes-general-locales","category-locales","tag-buenos-aires","tag-interes-general","tag-locales","tag-san-pedro"],"aioseo_notices":[],"gutentor_comment":0,"jetpack_featured_media_url":"https:\/\/eldiariodesanpedro.com.ar\/sitio\/wp-content\/uploads\/2022\/10\/anses.png","jetpack_shortlink":"https:\/\/wp.me\/p6RhLt-wup","jetpack_sharing_enabled":true,"_links":{"self":[{"href":"https:\/\/eldiariodesanpedro.com.ar\/sitio\/wp-json\/wp\/v2\/posts\/124893","targetHints":{"allow":["GET"]}}],"collection":[{"href":"https:\/\/eldiariodesanpedro.com.ar\/sitio\/wp-json\/wp\/v2\/posts"}],"about":[{"href":"https:\/\/eldiariodesanpedro.com.ar\/sitio\/wp-json\/wp\/v2\/types\/post"}],"author":[{"embeddable":true,"href":"https:\/\/eldiariodesanpedro.com.ar\/sitio\/wp-json\/wp\/v2\/users\/4"}],"replies":[{"embeddable":true,"href":"https:\/\/eldiariodesanpedro.com.ar\/sitio\/wp-json\/wp\/v2\/comments?post=124893"}],"version-history":[{"count":1,"href":"https:\/\/eldiariodesanpedro.com.ar\/sitio\/wp-json\/wp\/v2\/posts\/124893\/revisions"}],"predecessor-version":[{"id":124894,"href":"https:\/\/eldiariodesanpedro.com.ar\/sitio\/wp-json\/wp\/v2\/posts\/124893\/revisions\/124894"}],"wp:featuredmedia":[{"embeddable":true,"href":"https:\/\/eldiariodesanpedro.com.ar\/sitio\/wp-json\/wp\/v2\/media\/111293"}],"wp:attachment":[{"href":"https:\/\/eldiariodesanpedro.com.ar\/sitio\/wp-json\/wp\/v2\/media?parent=124893"}],"wp:term":[{"taxonomy":"category","embeddable":true,"href":"https:\/\/eldiariodesanpedro.com.ar\/sitio\/wp-json\/wp\/v2\/categories?post=124893"},{"taxonomy":"post_tag","embeddable":true,"href":"https:\/\/eldiariodesanpedro.com.ar\/sitio\/wp-json\/wp\/v2\/tags?post=124893"}],"curies":[{"name":"wp","href":"https:\/\/api.w.org\/{rel}","templated":true}]}}