{"id":124826,"date":"2023-12-27T11:28:40","date_gmt":"2023-12-27T14:28:40","guid":{"rendered":"https:\/\/eldiariodesanpedro.com.ar\/sitio\/?p=124826"},"modified":"2023-12-27T11:30:40","modified_gmt":"2023-12-27T14:30:40","slug":"paro-de-cicop-afecta-el-funcionamiento-del-hospital-y-centros-de-salud","status":"publish","type":"post","link":"https:\/\/eldiariodesanpedro.com.ar\/sitio\/paro-de-cicop-afecta-el-funcionamiento-del-hospital-y-centros-de-salud\/","title":{"rendered":"Paro de CICOP afecta el funcionamiento del Hospital y Centros de Salud"},"content":{"rendered":"<!-- VideographyWP Plugin Message: Automatic video embedding prevented by plugin options. -->\n\n<p>CICOP, el sindicato que nuclea a los profesionales de la carrera m\u00e9dico hospitalaria, llevar\u00e1 adelante un paro de actividades desde las 0 horas de este mi\u00e9rcoles 27 de diciembre.&nbsp;<\/p>\n\n\n\n<p>La medida se origina, de acuerdo a lo informado por sus autoridades, en la ausencia de di\u00e1logo con el Ejecutivo y falta de pago del aumento otorgado por la Provincia desde el 1\u00ba de Noviembre.<\/p>\n\n\n\n<p>Tambi\u00e9n reclaman que no se contin\u00fae desdoblando el pago y mejoras en las condiciones laborales.&nbsp;<\/p>\n\n\n\n<p>A las 10 de la ma\u00f1ana de hoy se realiz\u00f3 una asamblea en el hall del Hospital Subzonal \u00abDr. Emilio Ruffa\u00bb que ver\u00e1 afectado su normal funcionamiento, al igual que los centros de atenci\u00f3n primaria dependientes de la Secretar\u00eda de Salud.<\/p>\n\n\n\n<p>Tras la Reuni\u00f3n se pudo disponer que continuaran con la medida de no tener respuesta.\u00a0<\/p>\n","protected":false},"excerpt":{"rendered":"<p>CICOP, el sindicato que nuclea a los profesionales de la carrera m\u00e9dico hospitalaria, llevar\u00e1 adelante un paro de actividades desde las 0 horas de este mi\u00e9rcoles 27 de diciembre.&nbsp; La medida se origina, de acuerdo a lo informado por sus autoridades, en la ausencia de di\u00e1logo con el Ejecutivo y falta de pago del aumento [&hellip;]<\/p>\n","protected":false},"author":4,"featured_media":81291,"comment_status":"closed","ping_status":"closed","sticky":false,"template":"","format":"standard","meta":{"om_disable_all_campaigns":false,"_jetpack_memberships_contains_paid_content":false,"footnotes":""},"categories":[50,101,2],"tags":[197,696,33,19],"class_list":["post-124826","post","type-post","status-publish","format-standard","has-post-thumbnail","hentry","category-destacadas","category-interes-general-locales","category-locales","tag-buenos-aires","tag-interes-general","tag-locales","tag-san-pedro"],"aioseo_notices":[],"gutentor_comment":0,"jetpack_featured_media_url":"https:\/\/eldiariodesanpedro.com.ar\/sitio\/wp-content\/uploads\/2020\/09\/WhatsApp-Image-2020-09-21-at-18.45.01.jpeg","jetpack_shortlink":"https:\/\/wp.me\/p6RhLt-wtk","jetpack_sharing_enabled":true,"_links":{"self":[{"href":"https:\/\/eldiariodesanpedro.com.ar\/sitio\/wp-json\/wp\/v2\/posts\/124826","targetHints":{"allow":["GET"]}}],"collection":[{"href":"https:\/\/eldiariodesanpedro.com.ar\/sitio\/wp-json\/wp\/v2\/posts"}],"about":[{"href":"https:\/\/eldiariodesanpedro.com.ar\/sitio\/wp-json\/wp\/v2\/types\/post"}],"author":[{"embeddable":true,"href":"https:\/\/eldiariodesanpedro.com.ar\/sitio\/wp-json\/wp\/v2\/users\/4"}],"replies":[{"embeddable":true,"href":"https:\/\/eldiariodesanpedro.com.ar\/sitio\/wp-json\/wp\/v2\/comments?post=124826"}],"version-history":[{"count":1,"href":"https:\/\/eldiariodesanpedro.com.ar\/sitio\/wp-json\/wp\/v2\/posts\/124826\/revisions"}],"predecessor-version":[{"id":124827,"href":"https:\/\/eldiariodesanpedro.com.ar\/sitio\/wp-json\/wp\/v2\/posts\/124826\/revisions\/124827"}],"wp:featuredmedia":[{"embeddable":true,"href":"https:\/\/eldiariodesanpedro.com.ar\/sitio\/wp-json\/wp\/v2\/media\/81291"}],"wp:attachment":[{"href":"https:\/\/eldiariodesanpedro.com.ar\/sitio\/wp-json\/wp\/v2\/media?parent=124826"}],"wp:term":[{"taxonomy":"category","embeddable":true,"href":"https:\/\/eldiariodesanpedro.com.ar\/sitio\/wp-json\/wp\/v2\/categories?post=124826"},{"taxonomy":"post_tag","embeddable":true,"href":"https:\/\/eldiariodesanpedro.com.ar\/sitio\/wp-json\/wp\/v2\/tags?post=124826"}],"curies":[{"name":"wp","href":"https:\/\/api.w.org\/{rel}","templated":true}]}}