{"id":124823,"date":"2023-12-27T11:12:11","date_gmt":"2023-12-27T14:12:11","guid":{"rendered":"https:\/\/eldiariodesanpedro.com.ar\/sitio\/?p=124823"},"modified":"2023-12-27T11:12:13","modified_gmt":"2023-12-27T14:12:13","slug":"proyecto-de-rivas-para-modificar-el-reglamento-del-hcd","status":"publish","type":"post","link":"https:\/\/eldiariodesanpedro.com.ar\/sitio\/proyecto-de-rivas-para-modificar-el-reglamento-del-hcd\/","title":{"rendered":"Proyecto de Rivas para modificar el reglamento del HCD"},"content":{"rendered":"<!-- VideographyWP Plugin Message: Automatic video embedding prevented by plugin options. -->\n\n<p>El concejal Mart\u00edn Rivas, del bloque Juntos por el Cambio, present\u00f3 un proyecto de ordenanza para modificar el reglamento interno del Concejo Deliberante.&nbsp;<\/p>\n\n\n\n<p>Puntualmente, el edil propone cambios en el art\u00edculo 9. De aprobarse, el punto en cuesti\u00f3n expresar\u00eda que el HCD \u00abrealizar\u00e1 sus sesiones en el \u00e1mbito de la Sala de Sesiones (&#8230;) en la cuidad de San Pedro, pero podr\u00e1 hacerlo en otro punto del Partido precediendo una disposici\u00f3n del Honorable Cuerpo que deber\u00e1 ser aprobada por mayor\u00eda absoluta que as\u00ed lo autorice&#8230;\u00bb. Vale recordar que, durante a\u00f1os, las sesiones del deliberativo se realizaron rotativamente en las localidades del distrito.&nbsp;<a><\/a><\/p>\n\n\n\n<p>Asimismo, Rivas dispone que el reglamento establezca una autorizaci\u00f3n especial para sesionar \u00abde forma no presencial, siempre que una situaci\u00f3n especial lo amerite\u00bb.&nbsp;<\/p>\n\n\n\n<p>En el mismo art\u00edculo, plantea que \u00abtodas las sesiones -ordinarias, extraordinarias, especiales, preparatorias- ser\u00e1n transmitidas en vivo y en directo a trav\u00e9s de los canales oficiales\/institucionales de comunicaci\u00f3n\u00bb, manteniendo la obligatoriedad de conservaci\u00f3n y acceso de los registros audiovisuales.&nbsp;<\/p>\n\n\n\n<p>Otra de las modificaciones afectar\u00eda el art\u00edculo 165 del reglamento, habilitando cambios en la p\u00e1gina web del HCD. En ella, propone el concejal de JxC, seguir\u00e1 public\u00e1ndose (como hasta ahora), la composici\u00f3n del cuerpo, la legislaci\u00f3n vigente, los expedientes ingresados, la composici\u00f3n de las comisiones, los temas en tratamiento y el Orden del D\u00eda de cada sesi\u00f3n. Pero se agregan puntos como la transmisi\u00f3n en vivo de las sesiones en la web y redes sociales, la dieta actualizada (que ya se public\u00f3 en a\u00f1os anteriores), el presupuesto anual y los temas que el Concejo considere de inter\u00e9s general.&nbsp;<\/p>\n","protected":false},"excerpt":{"rendered":"<p>El concejal Mart\u00edn Rivas, del bloque Juntos por el Cambio, present\u00f3 un proyecto de ordenanza para modificar el reglamento interno del Concejo Deliberante.&nbsp; Puntualmente, el edil propone cambios en el art\u00edculo 9. De aprobarse, el punto en cuesti\u00f3n expresar\u00eda que el HCD \u00abrealizar\u00e1 sus sesiones en el \u00e1mbito de la Sala de Sesiones (&#8230;) en [&hellip;]<\/p>\n","protected":false},"author":4,"featured_media":124824,"comment_status":"closed","ping_status":"closed","sticky":false,"template":"","format":"standard","meta":{"om_disable_all_campaigns":false,"_jetpack_memberships_contains_paid_content":false,"footnotes":""},"categories":[50,101,2],"tags":[4667],"class_list":["post-124823","post","type-post","status-publish","format-standard","has-post-thumbnail","hentry","category-destacadas","category-interes-general-locales","category-locales","tag-proyecto-de-rivas-para-modificar-el-reglamento-del-hcd"],"aioseo_notices":[],"gutentor_comment":0,"jetpack_featured_media_url":"https:\/\/eldiariodesanpedro.com.ar\/sitio\/wp-content\/uploads\/2023\/12\/Rivas-en-hcd.jpg","jetpack_shortlink":"https:\/\/wp.me\/p6RhLt-wth","jetpack_sharing_enabled":true,"_links":{"self":[{"href":"https:\/\/eldiariodesanpedro.com.ar\/sitio\/wp-json\/wp\/v2\/posts\/124823","targetHints":{"allow":["GET"]}}],"collection":[{"href":"https:\/\/eldiariodesanpedro.com.ar\/sitio\/wp-json\/wp\/v2\/posts"}],"about":[{"href":"https:\/\/eldiariodesanpedro.com.ar\/sitio\/wp-json\/wp\/v2\/types\/post"}],"author":[{"embeddable":true,"href":"https:\/\/eldiariodesanpedro.com.ar\/sitio\/wp-json\/wp\/v2\/users\/4"}],"replies":[{"embeddable":true,"href":"https:\/\/eldiariodesanpedro.com.ar\/sitio\/wp-json\/wp\/v2\/comments?post=124823"}],"version-history":[{"count":1,"href":"https:\/\/eldiariodesanpedro.com.ar\/sitio\/wp-json\/wp\/v2\/posts\/124823\/revisions"}],"predecessor-version":[{"id":124825,"href":"https:\/\/eldiariodesanpedro.com.ar\/sitio\/wp-json\/wp\/v2\/posts\/124823\/revisions\/124825"}],"wp:featuredmedia":[{"embeddable":true,"href":"https:\/\/eldiariodesanpedro.com.ar\/sitio\/wp-json\/wp\/v2\/media\/124824"}],"wp:attachment":[{"href":"https:\/\/eldiariodesanpedro.com.ar\/sitio\/wp-json\/wp\/v2\/media?parent=124823"}],"wp:term":[{"taxonomy":"category","embeddable":true,"href":"https:\/\/eldiariodesanpedro.com.ar\/sitio\/wp-json\/wp\/v2\/categories?post=124823"},{"taxonomy":"post_tag","embeddable":true,"href":"https:\/\/eldiariodesanpedro.com.ar\/sitio\/wp-json\/wp\/v2\/tags?post=124823"}],"curies":[{"name":"wp","href":"https:\/\/api.w.org\/{rel}","templated":true}]}}