{"id":124820,"date":"2023-12-27T10:57:41","date_gmt":"2023-12-27T13:57:41","guid":{"rendered":"https:\/\/eldiariodesanpedro.com.ar\/sitio\/?p=124820"},"modified":"2023-12-27T10:57:43","modified_gmt":"2023-12-27T13:57:43","slug":"accidente-con-un-lesionado-en-la-bajada-del-nautico","status":"publish","type":"post","link":"https:\/\/eldiariodesanpedro.com.ar\/sitio\/accidente-con-un-lesionado-en-la-bajada-del-nautico\/","title":{"rendered":"Accidente con un lesionado en la bajada del N\u00e1utico"},"content":{"rendered":"<!-- VideographyWP Plugin Message: Automatic video embedding prevented by plugin options. -->\n\n<p>Este lunes en la intersecci\u00f3n de Avenida Espa\u00f1a y Rivadavia sobre la rotonda de la baja del nautico,  un hombre de 23 a\u00f1os que conduc\u00eda una motocicleta Honda XR sin dominio colocado colision\u00f3 con un autom\u00f3vil marca Chevrolet conducido por una mujer de 22 a\u00f1os. <\/p>\n\n\n\n<p>Seg\u00fan fuentes oficiales, el hombre fue trasladado al nosocomio local con lesiones de car\u00e1cter leve, salvo complicaciones. La polic\u00eda est\u00e1 investigando las causas del accidente.<\/p>\n","protected":false},"excerpt":{"rendered":"<p>Este lunes en la intersecci\u00f3n de Avenida Espa\u00f1a y Rivadavia sobre la rotonda de la baja del nautico, un hombre de 23 a\u00f1os que conduc\u00eda una motocicleta Honda XR sin dominio colocado colision\u00f3 con un autom\u00f3vil marca Chevrolet conducido por una mujer de 22 a\u00f1os. Seg\u00fan fuentes oficiales, el hombre fue trasladado al nosocomio local [&hellip;]<\/p>\n","protected":false},"author":4,"featured_media":124821,"comment_status":"closed","ping_status":"closed","sticky":false,"template":"","format":"standard","meta":{"om_disable_all_campaigns":false,"_jetpack_memberships_contains_paid_content":false,"footnotes":""},"categories":[50,2,103],"tags":[197,33,95,19],"class_list":["post-124820","post","type-post","status-publish","format-standard","has-post-thumbnail","hentry","category-destacadas","category-locales","category-policiales-locales","tag-buenos-aires","tag-locales","tag-policiales","tag-san-pedro"],"aioseo_notices":[],"gutentor_comment":0,"jetpack_featured_media_url":"https:\/\/eldiariodesanpedro.com.ar\/sitio\/wp-content\/uploads\/2023\/12\/replicate-prediction-7z5bmfbbdwkifc52uhauctjf7a.jpg","jetpack_shortlink":"https:\/\/wp.me\/p6RhLt-wte","jetpack_sharing_enabled":true,"_links":{"self":[{"href":"https:\/\/eldiariodesanpedro.com.ar\/sitio\/wp-json\/wp\/v2\/posts\/124820","targetHints":{"allow":["GET"]}}],"collection":[{"href":"https:\/\/eldiariodesanpedro.com.ar\/sitio\/wp-json\/wp\/v2\/posts"}],"about":[{"href":"https:\/\/eldiariodesanpedro.com.ar\/sitio\/wp-json\/wp\/v2\/types\/post"}],"author":[{"embeddable":true,"href":"https:\/\/eldiariodesanpedro.com.ar\/sitio\/wp-json\/wp\/v2\/users\/4"}],"replies":[{"embeddable":true,"href":"https:\/\/eldiariodesanpedro.com.ar\/sitio\/wp-json\/wp\/v2\/comments?post=124820"}],"version-history":[{"count":1,"href":"https:\/\/eldiariodesanpedro.com.ar\/sitio\/wp-json\/wp\/v2\/posts\/124820\/revisions"}],"predecessor-version":[{"id":124822,"href":"https:\/\/eldiariodesanpedro.com.ar\/sitio\/wp-json\/wp\/v2\/posts\/124820\/revisions\/124822"}],"wp:featuredmedia":[{"embeddable":true,"href":"https:\/\/eldiariodesanpedro.com.ar\/sitio\/wp-json\/wp\/v2\/media\/124821"}],"wp:attachment":[{"href":"https:\/\/eldiariodesanpedro.com.ar\/sitio\/wp-json\/wp\/v2\/media?parent=124820"}],"wp:term":[{"taxonomy":"category","embeddable":true,"href":"https:\/\/eldiariodesanpedro.com.ar\/sitio\/wp-json\/wp\/v2\/categories?post=124820"},{"taxonomy":"post_tag","embeddable":true,"href":"https:\/\/eldiariodesanpedro.com.ar\/sitio\/wp-json\/wp\/v2\/tags?post=124820"}],"curies":[{"name":"wp","href":"https:\/\/api.w.org\/{rel}","templated":true}]}}