{"id":124816,"date":"2023-12-27T10:48:09","date_gmt":"2023-12-27T13:48:09","guid":{"rendered":"https:\/\/eldiariodesanpedro.com.ar\/sitio\/?p=124816"},"modified":"2023-12-27T10:48:11","modified_gmt":"2023-12-27T13:48:11","slug":"un-detenido-por-una-pelea-tras-el-choque-entre-una-camioneta-y-una-moto","status":"publish","type":"post","link":"https:\/\/eldiariodesanpedro.com.ar\/sitio\/un-detenido-por-una-pelea-tras-el-choque-entre-una-camioneta-y-una-moto\/","title":{"rendered":"Un detenido por una pelea tras el choque entre una camioneta y una moto"},"content":{"rendered":"<!-- VideographyWP Plugin Message: Automatic video embedding prevented by plugin options. -->\n\n<p>Una camioneta Toyota choc\u00f3 con una motocicleta Honda en la intersecci\u00f3n de la Avenida Sarmiento con la calle Libertad.&nbsp;<\/p>\n\n\n\n<p>Si bien no se registraron heridos de importancia, tras la colisi\u00f3n se registraron incidentes.&nbsp;<a><\/a><\/p>\n\n\n\n<p>Un hombre de 24 a\u00f1os agredi\u00f3 al conductor de la camioneta, de 22, y fue aprehendido por la polic\u00eda.&nbsp;<\/p>\n\n\n\n<p>La moto, en la que circulaban un joven de 22 y su acompa\u00f1ante de 23, presentaba numeraci\u00f3n de motor adulterada y fue secuestrada.&nbsp;<\/p>\n\n\n\n<figure class=\"wp-block-image size-full\"><img decoding=\"async\" width=\"840\" height=\"630\" data-attachment-id=\"124818\" data-permalink=\"https:\/\/eldiariodesanpedro.com.ar\/sitio\/un-detenido-por-una-pelea-tras-el-choque-entre-una-camioneta-y-una-moto\/412855440_759782586167148_458520388272093220_n\/\" data-orig-file=\"https:\/\/eldiariodesanpedro.com.ar\/sitio\/wp-content\/uploads\/2023\/12\/412855440_759782586167148_458520388272093220_n.jpg\" data-orig-size=\"840,630\" data-comments-opened=\"0\" data-image-meta=\"{&quot;aperture&quot;:&quot;0&quot;,&quot;credit&quot;:&quot;&quot;,&quot;camera&quot;:&quot;&quot;,&quot;caption&quot;:&quot;&quot;,&quot;created_timestamp&quot;:&quot;0&quot;,&quot;copyright&quot;:&quot;&quot;,&quot;focal_length&quot;:&quot;0&quot;,&quot;iso&quot;:&quot;0&quot;,&quot;shutter_speed&quot;:&quot;0&quot;,&quot;title&quot;:&quot;&quot;,&quot;orientation&quot;:&quot;0&quot;}\" data-image-title=\"412855440_759782586167148_458520388272093220_n\" data-image-description=\"\" data-image-caption=\"\" data-large-file=\"https:\/\/eldiariodesanpedro.com.ar\/sitio\/wp-content\/uploads\/2023\/12\/412855440_759782586167148_458520388272093220_n.jpg\" data-src=\"https:\/\/eldiariodesanpedro.com.ar\/sitio\/wp-content\/uploads\/2023\/12\/412855440_759782586167148_458520388272093220_n.jpg\" alt=\"\" class=\"wp-image-124818 lazyload\" data-srcset=\"https:\/\/eldiariodesanpedro.com.ar\/sitio\/wp-content\/uploads\/2023\/12\/412855440_759782586167148_458520388272093220_n.jpg 840w, https:\/\/eldiariodesanpedro.com.ar\/sitio\/wp-content\/uploads\/2023\/12\/412855440_759782586167148_458520388272093220_n-300x225.jpg 300w, https:\/\/eldiariodesanpedro.com.ar\/sitio\/wp-content\/uploads\/2023\/12\/412855440_759782586167148_458520388272093220_n-768x576.jpg 768w, https:\/\/eldiariodesanpedro.com.ar\/sitio\/wp-content\/uploads\/2023\/12\/412855440_759782586167148_458520388272093220_n-272x204.jpg 272w\" data-sizes=\"(max-width: 840px) 100vw, 840px\" src=\"data:image\/svg+xml;base64,PHN2ZyB3aWR0aD0iMSIgaGVpZ2h0PSIxIiB4bWxucz0iaHR0cDovL3d3dy53My5vcmcvMjAwMC9zdmciPjwvc3ZnPg==\" style=\"--smush-placeholder-width: 840px; --smush-placeholder-aspect-ratio: 840\/630;\" \/><\/figure>\n","protected":false},"excerpt":{"rendered":"<p>Una camioneta Toyota choc\u00f3 con una motocicleta Honda en la intersecci\u00f3n de la Avenida Sarmiento con la calle Libertad.&nbsp; Si bien no se registraron heridos de importancia, tras la colisi\u00f3n se registraron incidentes.&nbsp; Un hombre de 24 a\u00f1os agredi\u00f3 al conductor de la camioneta, de 22, y fue aprehendido por la polic\u00eda.&nbsp; La moto, en [&hellip;]<\/p>\n","protected":false},"author":4,"featured_media":124817,"comment_status":"closed","ping_status":"closed","sticky":false,"template":"","format":"standard","meta":{"om_disable_all_campaigns":false,"_jetpack_memberships_contains_paid_content":false,"footnotes":""},"categories":[2,103],"tags":[197,33,95,19],"class_list":["post-124816","post","type-post","status-publish","format-standard","has-post-thumbnail","hentry","category-locales","category-policiales-locales","tag-buenos-aires","tag-locales","tag-policiales","tag-san-pedro"],"aioseo_notices":[],"gutentor_comment":0,"jetpack_featured_media_url":"https:\/\/eldiariodesanpedro.com.ar\/sitio\/wp-content\/uploads\/2023\/12\/medida-20.png","jetpack_shortlink":"https:\/\/wp.me\/p6RhLt-wta","jetpack_sharing_enabled":true,"_links":{"self":[{"href":"https:\/\/eldiariodesanpedro.com.ar\/sitio\/wp-json\/wp\/v2\/posts\/124816","targetHints":{"allow":["GET"]}}],"collection":[{"href":"https:\/\/eldiariodesanpedro.com.ar\/sitio\/wp-json\/wp\/v2\/posts"}],"about":[{"href":"https:\/\/eldiariodesanpedro.com.ar\/sitio\/wp-json\/wp\/v2\/types\/post"}],"author":[{"embeddable":true,"href":"https:\/\/eldiariodesanpedro.com.ar\/sitio\/wp-json\/wp\/v2\/users\/4"}],"replies":[{"embeddable":true,"href":"https:\/\/eldiariodesanpedro.com.ar\/sitio\/wp-json\/wp\/v2\/comments?post=124816"}],"version-history":[{"count":1,"href":"https:\/\/eldiariodesanpedro.com.ar\/sitio\/wp-json\/wp\/v2\/posts\/124816\/revisions"}],"predecessor-version":[{"id":124819,"href":"https:\/\/eldiariodesanpedro.com.ar\/sitio\/wp-json\/wp\/v2\/posts\/124816\/revisions\/124819"}],"wp:featuredmedia":[{"embeddable":true,"href":"https:\/\/eldiariodesanpedro.com.ar\/sitio\/wp-json\/wp\/v2\/media\/124817"}],"wp:attachment":[{"href":"https:\/\/eldiariodesanpedro.com.ar\/sitio\/wp-json\/wp\/v2\/media?parent=124816"}],"wp:term":[{"taxonomy":"category","embeddable":true,"href":"https:\/\/eldiariodesanpedro.com.ar\/sitio\/wp-json\/wp\/v2\/categories?post=124816"},{"taxonomy":"post_tag","embeddable":true,"href":"https:\/\/eldiariodesanpedro.com.ar\/sitio\/wp-json\/wp\/v2\/tags?post=124816"}],"curies":[{"name":"wp","href":"https:\/\/api.w.org\/{rel}","templated":true}]}}