{"id":124813,"date":"2023-12-27T10:34:49","date_gmt":"2023-12-27T13:34:49","guid":{"rendered":"https:\/\/eldiariodesanpedro.com.ar\/sitio\/?p=124813"},"modified":"2023-12-27T10:34:51","modified_gmt":"2023-12-27T13:34:51","slug":"vandalismo-en-el-edificio-de-salta-y-arnaldo-inundacion-y-danos-en-oficinas-de-la-secretaria-de-obras","status":"publish","type":"post","link":"https:\/\/eldiariodesanpedro.com.ar\/sitio\/vandalismo-en-el-edificio-de-salta-y-arnaldo-inundacion-y-danos-en-oficinas-de-la-secretaria-de-obras\/","title":{"rendered":"Vandalismo en el edificio de Salta y Arnaldo: inundaci\u00f3n y da\u00f1os en oficinas de la Secretar\u00eda de Obras"},"content":{"rendered":"<!-- VideographyWP Plugin Message: Automatic video embedding prevented by plugin options. -->\n\n<p>Delincuentes ingresaron durante el fin de semana largo al fin de semana largo de Navidad al edificio municipal de Salta y Arnaldo.&nbsp;<\/p>\n\n\n\n<p>Los v\u00e1ndalos ingresaron desde una ventana que da a calle Saleta y llegaron hasta el primer piso, en donde robaron canillas de bronce y rompieron los dep\u00f3sitos de los inodoros en los ba\u00f1os.&nbsp;<a><\/a>Como consecuencia del da\u00f1o provocado, se produjeron p\u00e9rdidas que generaron un anegamiento del lugar. Las filtraciones hicieron que el agua llegara hasta la planta baja, en donde se encuentras las oficinas dependientes de la Secretar\u00eda de Obras y Servicios P\u00fablicos.&nbsp;<\/p>\n\n\n\n<p>Tambi\u00e9n ingresaron a la oficina de la Direcci\u00f3n de Defensa Civil, desde donde se llevaron herramientas y otros elementos.&nbsp;<\/p>\n\n\n\n<p>Para salir, rompieron los vidrios de la puerta giratoria que da a la esquina.&nbsp;<\/p>\n\n\n\n<p>A la espera de una evaluaci\u00f3n definitiva, se vieron afectados documentos en papel y computadoras.&nbsp;<\/p>\n","protected":false},"excerpt":{"rendered":"<p>Delincuentes ingresaron durante el fin de semana largo al fin de semana largo de Navidad al edificio municipal de Salta y Arnaldo.&nbsp; Los v\u00e1ndalos ingresaron desde una ventana que da a calle Saleta y llegaron hasta el primer piso, en donde robaron canillas de bronce y rompieron los dep\u00f3sitos de los inodoros en los ba\u00f1os.&nbsp;Como [&hellip;]<\/p>\n","protected":false},"author":4,"featured_media":124814,"comment_status":"closed","ping_status":"closed","sticky":false,"template":"","format":"standard","meta":{"om_disable_all_campaigns":false,"_jetpack_memberships_contains_paid_content":false,"footnotes":""},"categories":[101,2],"tags":[197,696,33,19],"class_list":["post-124813","post","type-post","status-publish","format-standard","has-post-thumbnail","hentry","category-interes-general-locales","category-locales","tag-buenos-aires","tag-interes-general","tag-locales","tag-san-pedro"],"aioseo_notices":[],"gutentor_comment":0,"jetpack_featured_media_url":"https:\/\/eldiariodesanpedro.com.ar\/sitio\/wp-content\/uploads\/2023\/12\/Edificio-Salta-y-Arnaldo.jpg","jetpack_shortlink":"https:\/\/wp.me\/p6RhLt-wt7","jetpack_sharing_enabled":true,"_links":{"self":[{"href":"https:\/\/eldiariodesanpedro.com.ar\/sitio\/wp-json\/wp\/v2\/posts\/124813","targetHints":{"allow":["GET"]}}],"collection":[{"href":"https:\/\/eldiariodesanpedro.com.ar\/sitio\/wp-json\/wp\/v2\/posts"}],"about":[{"href":"https:\/\/eldiariodesanpedro.com.ar\/sitio\/wp-json\/wp\/v2\/types\/post"}],"author":[{"embeddable":true,"href":"https:\/\/eldiariodesanpedro.com.ar\/sitio\/wp-json\/wp\/v2\/users\/4"}],"replies":[{"embeddable":true,"href":"https:\/\/eldiariodesanpedro.com.ar\/sitio\/wp-json\/wp\/v2\/comments?post=124813"}],"version-history":[{"count":1,"href":"https:\/\/eldiariodesanpedro.com.ar\/sitio\/wp-json\/wp\/v2\/posts\/124813\/revisions"}],"predecessor-version":[{"id":124815,"href":"https:\/\/eldiariodesanpedro.com.ar\/sitio\/wp-json\/wp\/v2\/posts\/124813\/revisions\/124815"}],"wp:featuredmedia":[{"embeddable":true,"href":"https:\/\/eldiariodesanpedro.com.ar\/sitio\/wp-json\/wp\/v2\/media\/124814"}],"wp:attachment":[{"href":"https:\/\/eldiariodesanpedro.com.ar\/sitio\/wp-json\/wp\/v2\/media?parent=124813"}],"wp:term":[{"taxonomy":"category","embeddable":true,"href":"https:\/\/eldiariodesanpedro.com.ar\/sitio\/wp-json\/wp\/v2\/categories?post=124813"},{"taxonomy":"post_tag","embeddable":true,"href":"https:\/\/eldiariodesanpedro.com.ar\/sitio\/wp-json\/wp\/v2\/tags?post=124813"}],"curies":[{"name":"wp","href":"https:\/\/api.w.org\/{rel}","templated":true}]}}