{"id":124810,"date":"2023-12-27T10:02:56","date_gmt":"2023-12-27T13:02:56","guid":{"rendered":"https:\/\/eldiariodesanpedro.com.ar\/sitio\/?p=124810"},"modified":"2023-12-27T10:02:57","modified_gmt":"2023-12-27T13:02:57","slug":"la-tosquera-esperan-definiciones-de-nacion-por-la-obra-de-agua-y-el-acceso","status":"publish","type":"post","link":"https:\/\/eldiariodesanpedro.com.ar\/sitio\/la-tosquera-esperan-definiciones-de-nacion-por-la-obra-de-agua-y-el-acceso\/","title":{"rendered":"La Tosquera: Esperan definiciones de Naci\u00f3n por la obra de agua y el acceso"},"content":{"rendered":"<!-- VideographyWP Plugin Message: Automatic video embedding prevented by plugin options. -->\n\n<p>La nueva delegada municipal en La Tosquera, Jimena Mari\u00f1o, sostuvo que sostendr\u00e1 el v\u00ednculo que viene manteniendo con los vecinos a lo largo de los \u00faltimos a\u00f1os, a trav\u00e9s de la Direcci\u00f3n de Comisiones de Fomento.&nbsp;<\/p>\n\n\n\n<p>En declaraciones a \u00abEquipo de Radio\u00bb, la funcionaria expres\u00f3 que una de las prioridades ser\u00e1 establecer la continuidad o no de los proyectos dependientes del Sistema de Integraci\u00f3n Sociourbano, dependiente del gobierno nacional.&nbsp;<a><\/a><\/p>\n\n\n\n<p>\u00abEn realidad, comenzamos con la obra de agua, la instalaci\u00f3n de nuevas ca\u00f1er\u00edas, que est\u00e1 en un 80%, y faltaba la instalaci\u00f3n de un tanque de mayor amplitud. Tambi\u00e9n estaba prevista la iluminaci\u00f3n y el mejorado de uno de los ingresos\u00bb explic\u00f3 Mari\u00f1o. \u00abEstamos a la expectativa porque lamentablemente, dado los anuncios del nuevo Presidente de que habr\u00e1 Obras P\u00fablica 0, los proyectos financiados con fondos nacionales est\u00e1n parados\u00bb.<\/p>\n","protected":false},"excerpt":{"rendered":"<p>La nueva delegada municipal en La Tosquera, Jimena Mari\u00f1o, sostuvo que sostendr\u00e1 el v\u00ednculo que viene manteniendo con los vecinos a lo largo de los \u00faltimos a\u00f1os, a trav\u00e9s de la Direcci\u00f3n de Comisiones de Fomento.&nbsp; En declaraciones a \u00abEquipo de Radio\u00bb, la funcionaria expres\u00f3 que una de las prioridades ser\u00e1 establecer la continuidad o [&hellip;]<\/p>\n","protected":false},"author":4,"featured_media":124811,"comment_status":"closed","ping_status":"closed","sticky":false,"template":"","format":"standard","meta":{"om_disable_all_campaigns":false,"_jetpack_memberships_contains_paid_content":false,"footnotes":""},"categories":[101,2],"tags":[197,696,33,19],"class_list":["post-124810","post","type-post","status-publish","format-standard","has-post-thumbnail","hentry","category-interes-general-locales","category-locales","tag-buenos-aires","tag-interes-general","tag-locales","tag-san-pedro"],"aioseo_notices":[],"gutentor_comment":0,"jetpack_featured_media_url":"https:\/\/eldiariodesanpedro.com.ar\/sitio\/wp-content\/uploads\/2023\/12\/327291038_1564232094042998_8879316793265643767_n.jpg","jetpack_shortlink":"https:\/\/wp.me\/p6RhLt-wt4","jetpack_sharing_enabled":true,"_links":{"self":[{"href":"https:\/\/eldiariodesanpedro.com.ar\/sitio\/wp-json\/wp\/v2\/posts\/124810","targetHints":{"allow":["GET"]}}],"collection":[{"href":"https:\/\/eldiariodesanpedro.com.ar\/sitio\/wp-json\/wp\/v2\/posts"}],"about":[{"href":"https:\/\/eldiariodesanpedro.com.ar\/sitio\/wp-json\/wp\/v2\/types\/post"}],"author":[{"embeddable":true,"href":"https:\/\/eldiariodesanpedro.com.ar\/sitio\/wp-json\/wp\/v2\/users\/4"}],"replies":[{"embeddable":true,"href":"https:\/\/eldiariodesanpedro.com.ar\/sitio\/wp-json\/wp\/v2\/comments?post=124810"}],"version-history":[{"count":1,"href":"https:\/\/eldiariodesanpedro.com.ar\/sitio\/wp-json\/wp\/v2\/posts\/124810\/revisions"}],"predecessor-version":[{"id":124812,"href":"https:\/\/eldiariodesanpedro.com.ar\/sitio\/wp-json\/wp\/v2\/posts\/124810\/revisions\/124812"}],"wp:featuredmedia":[{"embeddable":true,"href":"https:\/\/eldiariodesanpedro.com.ar\/sitio\/wp-json\/wp\/v2\/media\/124811"}],"wp:attachment":[{"href":"https:\/\/eldiariodesanpedro.com.ar\/sitio\/wp-json\/wp\/v2\/media?parent=124810"}],"wp:term":[{"taxonomy":"category","embeddable":true,"href":"https:\/\/eldiariodesanpedro.com.ar\/sitio\/wp-json\/wp\/v2\/categories?post=124810"},{"taxonomy":"post_tag","embeddable":true,"href":"https:\/\/eldiariodesanpedro.com.ar\/sitio\/wp-json\/wp\/v2\/tags?post=124810"}],"curies":[{"name":"wp","href":"https:\/\/api.w.org\/{rel}","templated":true}]}}