{"id":124800,"date":"2023-12-24T06:46:03","date_gmt":"2023-12-24T09:46:03","guid":{"rendered":"https:\/\/eldiariodesanpedro.com.ar\/sitio\/?p=124800"},"modified":"2023-12-24T06:54:50","modified_gmt":"2023-12-24T09:54:50","slug":"un-masculino-perdio-la-vida-en-accidente-de-transito-esta-madrugada-en-av-3-de-febrero","status":"publish","type":"post","link":"https:\/\/eldiariodesanpedro.com.ar\/sitio\/un-masculino-perdio-la-vida-en-accidente-de-transito-esta-madrugada-en-av-3-de-febrero\/","title":{"rendered":"Un masculino perdi\u00f3 la vida en accidente de transito esta madrugada en Av. 3 de Febrero"},"content":{"rendered":"<!-- VideographyWP Plugin Message: Automatic video embedding prevented by plugin options. -->\n\n<p>Un ciudadano que circulaba en motocicleta perdi\u00f3 la vida al chocar con otro rodado que se dio a la fuga.<\/p>\n\n\n\n<p>El hecho ocurri\u00f3 esta madrugada de domingo, alrededor de las 2 de la madrugada, cuando por razones que se tratan de establecer en la esquina de 3 de febrero y Uruguay, la motocicleta conducido por un masculino de nuestra ciudad colisiona con una camioneta, que tras el impacto se dio a la fuga.<\/p>\n\n\n\n<p>La polic\u00eda de la comisaria local investiga el hecho a trav\u00e9s de c\u00e1maras de seguridad de la zona. <\/p>\n\n\n\n<p>Ampliaremos.<\/p>\n\n\n\n<figure class=\"wp-block-image size-large\"><img decoding=\"async\" width=\"1024\" height=\"576\" data-attachment-id=\"124804\" data-permalink=\"https:\/\/eldiariodesanpedro.com.ar\/sitio\/un-masculino-perdio-la-vida-en-accidente-de-transito-esta-madrugada-en-av-3-de-febrero\/imagen-de-whatsapp-2023-12-24-a-las-06-31-28_72b8769d\/\" data-orig-file=\"https:\/\/eldiariodesanpedro.com.ar\/sitio\/wp-content\/uploads\/2023\/12\/Imagen-de-WhatsApp-2023-12-24-a-las-06.31.28_72b8769d.jpg\" data-orig-size=\"1120,630\" data-comments-opened=\"0\" data-image-meta=\"{&quot;aperture&quot;:&quot;0&quot;,&quot;credit&quot;:&quot;&quot;,&quot;camera&quot;:&quot;&quot;,&quot;caption&quot;:&quot;&quot;,&quot;created_timestamp&quot;:&quot;0&quot;,&quot;copyright&quot;:&quot;&quot;,&quot;focal_length&quot;:&quot;0&quot;,&quot;iso&quot;:&quot;0&quot;,&quot;shutter_speed&quot;:&quot;0&quot;,&quot;title&quot;:&quot;&quot;,&quot;orientation&quot;:&quot;0&quot;}\" data-image-title=\"Imagen de WhatsApp 2023-12-24 a las 06.31.28_72b8769d\" data-image-description=\"\" data-image-caption=\"\" data-large-file=\"https:\/\/eldiariodesanpedro.com.ar\/sitio\/wp-content\/uploads\/2023\/12\/Imagen-de-WhatsApp-2023-12-24-a-las-06.31.28_72b8769d-1024x576.jpg\" data-src=\"https:\/\/eldiariodesanpedro.com.ar\/sitio\/wp-content\/uploads\/2023\/12\/Imagen-de-WhatsApp-2023-12-24-a-las-06.31.28_72b8769d-1024x576.jpg\" alt=\"\" class=\"wp-image-124804 lazyload\" data-srcset=\"https:\/\/eldiariodesanpedro.com.ar\/sitio\/wp-content\/uploads\/2023\/12\/Imagen-de-WhatsApp-2023-12-24-a-las-06.31.28_72b8769d-1024x576.jpg 1024w, https:\/\/eldiariodesanpedro.com.ar\/sitio\/wp-content\/uploads\/2023\/12\/Imagen-de-WhatsApp-2023-12-24-a-las-06.31.28_72b8769d-300x169.jpg 300w, https:\/\/eldiariodesanpedro.com.ar\/sitio\/wp-content\/uploads\/2023\/12\/Imagen-de-WhatsApp-2023-12-24-a-las-06.31.28_72b8769d-768x432.jpg 768w, https:\/\/eldiariodesanpedro.com.ar\/sitio\/wp-content\/uploads\/2023\/12\/Imagen-de-WhatsApp-2023-12-24-a-las-06.31.28_72b8769d.jpg 1120w\" data-sizes=\"(max-width: 1024px) 100vw, 1024px\" src=\"data:image\/svg+xml;base64,PHN2ZyB3aWR0aD0iMSIgaGVpZ2h0PSIxIiB4bWxucz0iaHR0cDovL3d3dy53My5vcmcvMjAwMC9zdmciPjwvc3ZnPg==\" style=\"--smush-placeholder-width: 1024px; --smush-placeholder-aspect-ratio: 1024\/576;\" \/><\/figure>\n\n\n\n<figure class=\"wp-block-image size-large\"><img decoding=\"async\" width=\"1024\" height=\"576\" data-attachment-id=\"124803\" data-permalink=\"https:\/\/eldiariodesanpedro.com.ar\/sitio\/un-masculino-perdio-la-vida-en-accidente-de-transito-esta-madrugada-en-av-3-de-febrero\/imagen-de-whatsapp-2023-12-24-a-las-06-31-28_46cf8ad8\/\" data-orig-file=\"https:\/\/eldiariodesanpedro.com.ar\/sitio\/wp-content\/uploads\/2023\/12\/Imagen-de-WhatsApp-2023-12-24-a-las-06.31.28_46cf8ad8.jpg\" data-orig-size=\"1120,630\" data-comments-opened=\"0\" data-image-meta=\"{&quot;aperture&quot;:&quot;0&quot;,&quot;credit&quot;:&quot;&quot;,&quot;camera&quot;:&quot;&quot;,&quot;caption&quot;:&quot;&quot;,&quot;created_timestamp&quot;:&quot;0&quot;,&quot;copyright&quot;:&quot;&quot;,&quot;focal_length&quot;:&quot;0&quot;,&quot;iso&quot;:&quot;0&quot;,&quot;shutter_speed&quot;:&quot;0&quot;,&quot;title&quot;:&quot;&quot;,&quot;orientation&quot;:&quot;0&quot;}\" data-image-title=\"Imagen de WhatsApp 2023-12-24 a las 06.31.28_46cf8ad8\" data-image-description=\"\" data-image-caption=\"\" data-large-file=\"https:\/\/eldiariodesanpedro.com.ar\/sitio\/wp-content\/uploads\/2023\/12\/Imagen-de-WhatsApp-2023-12-24-a-las-06.31.28_46cf8ad8-1024x576.jpg\" data-src=\"https:\/\/eldiariodesanpedro.com.ar\/sitio\/wp-content\/uploads\/2023\/12\/Imagen-de-WhatsApp-2023-12-24-a-las-06.31.28_46cf8ad8-1024x576.jpg\" alt=\"\" class=\"wp-image-124803 lazyload\" data-srcset=\"https:\/\/eldiariodesanpedro.com.ar\/sitio\/wp-content\/uploads\/2023\/12\/Imagen-de-WhatsApp-2023-12-24-a-las-06.31.28_46cf8ad8-1024x576.jpg 1024w, https:\/\/eldiariodesanpedro.com.ar\/sitio\/wp-content\/uploads\/2023\/12\/Imagen-de-WhatsApp-2023-12-24-a-las-06.31.28_46cf8ad8-300x169.jpg 300w, https:\/\/eldiariodesanpedro.com.ar\/sitio\/wp-content\/uploads\/2023\/12\/Imagen-de-WhatsApp-2023-12-24-a-las-06.31.28_46cf8ad8-768x432.jpg 768w, https:\/\/eldiariodesanpedro.com.ar\/sitio\/wp-content\/uploads\/2023\/12\/Imagen-de-WhatsApp-2023-12-24-a-las-06.31.28_46cf8ad8.jpg 1120w\" data-sizes=\"(max-width: 1024px) 100vw, 1024px\" src=\"data:image\/svg+xml;base64,PHN2ZyB3aWR0aD0iMSIgaGVpZ2h0PSIxIiB4bWxucz0iaHR0cDovL3d3dy53My5vcmcvMjAwMC9zdmciPjwvc3ZnPg==\" style=\"--smush-placeholder-width: 1024px; --smush-placeholder-aspect-ratio: 1024\/576;\" \/><\/figure>\n","protected":false},"excerpt":{"rendered":"<p>Un ciudadano que circulaba en motocicleta perdi\u00f3 la vida al chocar con otro rodado que se dio a la fuga. El hecho ocurri\u00f3 esta madrugada de domingo, alrededor de las 2 de la madrugada, cuando por razones que se tratan de establecer en la esquina de 3 de febrero y Uruguay, la motocicleta conducido por [&hellip;]<\/p>\n","protected":false},"author":4,"featured_media":124801,"comment_status":"closed","ping_status":"closed","sticky":false,"template":"","format":"standard","meta":{"om_disable_all_campaigns":false,"_jetpack_memberships_contains_paid_content":false,"footnotes":""},"categories":[50,2,103],"tags":[],"class_list":["post-124800","post","type-post","status-publish","format-standard","has-post-thumbnail","hentry","category-destacadas","category-locales","category-policiales-locales"],"aioseo_notices":[],"gutentor_comment":0,"jetpack_featured_media_url":"https:\/\/eldiariodesanpedro.com.ar\/sitio\/wp-content\/uploads\/2023\/12\/Imagen-de-WhatsApp-2023-12-24-a-las-06.31.27_24768b08.jpg","jetpack_shortlink":"https:\/\/wp.me\/p6RhLt-wsU","jetpack_sharing_enabled":true,"_links":{"self":[{"href":"https:\/\/eldiariodesanpedro.com.ar\/sitio\/wp-json\/wp\/v2\/posts\/124800","targetHints":{"allow":["GET"]}}],"collection":[{"href":"https:\/\/eldiariodesanpedro.com.ar\/sitio\/wp-json\/wp\/v2\/posts"}],"about":[{"href":"https:\/\/eldiariodesanpedro.com.ar\/sitio\/wp-json\/wp\/v2\/types\/post"}],"author":[{"embeddable":true,"href":"https:\/\/eldiariodesanpedro.com.ar\/sitio\/wp-json\/wp\/v2\/users\/4"}],"replies":[{"embeddable":true,"href":"https:\/\/eldiariodesanpedro.com.ar\/sitio\/wp-json\/wp\/v2\/comments?post=124800"}],"version-history":[{"count":2,"href":"https:\/\/eldiariodesanpedro.com.ar\/sitio\/wp-json\/wp\/v2\/posts\/124800\/revisions"}],"predecessor-version":[{"id":124806,"href":"https:\/\/eldiariodesanpedro.com.ar\/sitio\/wp-json\/wp\/v2\/posts\/124800\/revisions\/124806"}],"wp:featuredmedia":[{"embeddable":true,"href":"https:\/\/eldiariodesanpedro.com.ar\/sitio\/wp-json\/wp\/v2\/media\/124801"}],"wp:attachment":[{"href":"https:\/\/eldiariodesanpedro.com.ar\/sitio\/wp-json\/wp\/v2\/media?parent=124800"}],"wp:term":[{"taxonomy":"category","embeddable":true,"href":"https:\/\/eldiariodesanpedro.com.ar\/sitio\/wp-json\/wp\/v2\/categories?post=124800"},{"taxonomy":"post_tag","embeddable":true,"href":"https:\/\/eldiariodesanpedro.com.ar\/sitio\/wp-json\/wp\/v2\/tags?post=124800"}],"curies":[{"name":"wp","href":"https:\/\/api.w.org\/{rel}","templated":true}]}}