{"id":124771,"date":"2023-12-21T13:08:27","date_gmt":"2023-12-21T16:08:27","guid":{"rendered":"https:\/\/eldiariodesanpedro.com.ar\/sitio\/?p=124771"},"modified":"2023-12-21T13:08:29","modified_gmt":"2023-12-21T16:08:29","slug":"en-estas-fiestas-seamos-responsables-con-nuestros-residuos","status":"publish","type":"post","link":"https:\/\/eldiariodesanpedro.com.ar\/sitio\/en-estas-fiestas-seamos-responsables-con-nuestros-residuos\/","title":{"rendered":"En estas Fiestas seamos responsables con nuestros residuos"},"content":{"rendered":"<!-- VideographyWP Plugin Message: Automatic video embedding prevented by plugin options. -->\n\n<p>La Municipalidad de San Pedro, a trav\u00e9s de la Direcci\u00f3n de Ambiente, anuncia la implementaci\u00f3n de una prueba piloto de Puntos Verdes con el objetivo de constituir el primer paso hacia un sistema de Separaci\u00f3n y Reciclado, que busca reducir los niveles de contaminaci\u00f3n y generar valor a trav\u00e9s del trabajo de los Recuperadores Urbanos.<br>En los Puntos Verdes podr\u00e1n depositarse s\u00f3lo materiales \u201cRECICLABLES, LIMPIOS Y SECOS\u201d tales como, papel, cart\u00f3n, pl\u00e1sticos vidrios y metales. Los materiales \u201cNO RECICLABLES o BASURA\u201d, tendr\u00e1n el tratamiento habitual a trav\u00e9s del servicio de recolecci\u00f3n que realiza la empresa ASHIRA S.A dentro del horario previsto por la empresa para estas fechas.<br>El 92% de nuestros residuos son reciclables si se clasifican adecuadamente, por eso separar en origen no s\u00f3lo es un acto responsable con el ambiente, sino que tambi\u00e9n contribuye al cuidado y preservaci\u00f3n de nuestro entorno.<br>Esta medida busca fortalecer el sistema de reciclado con inclusi\u00f3n social en la ciudad junto a la Federaci\u00f3n Argentina de Cartoneros y Recicladores (UTEP).<\/p>\n\n\n\n<p>Los puntos de recepci\u00f3n en SAN PEDRO CIUDAD ser\u00e1n:<br>&#8211; Paseo P\u00fablico 1 (eco punto fijo)<br>&#8211; Paseo P\u00fablico 2 (eco punto fijo)<br>&#8211; Plaza Constituci\u00f3n &#8211; Pellegrini e H.Yrigoyen<br>&#8211; 11 de septiembre y G\u00fcemes<br>&#8211; Ex Terminal &#8211; O. C\u00e9sar y Gomendio<br>&#8211; Mitre 1900 &#8211; M\u00f3dulo de Promoci\u00f3n Ambiental<br>&#8211; Ingreso a la ciudad &#8211; Ruta 191 y Zanucolli<br>&#8211; Ingreso a la ciudad &#8211; Ruta 191 y Pres. Roque S\u00e1enz Pe\u00f1a<br>&#8211; Gral. Lucio Mansilla 4300 \u2013 Sadiv<br>&#8211; C.I.C &#8211; Hno. Indio y Casella<\/p>\n\n\n\n<figure class=\"wp-block-image size-full is-resized\"><img decoding=\"async\" width=\"354\" height=\"630\" data-attachment-id=\"124772\" data-permalink=\"https:\/\/eldiariodesanpedro.com.ar\/sitio\/en-estas-fiestas-seamos-responsables-con-nuestros-residuos\/imagen-de-whatsapp-2023-12-21-a-las-12-58-01_64168fbe\/\" data-orig-file=\"https:\/\/eldiariodesanpedro.com.ar\/sitio\/wp-content\/uploads\/2023\/12\/Imagen-de-WhatsApp-2023-12-21-a-las-12.58.01_64168fbe.jpg\" data-orig-size=\"354,630\" data-comments-opened=\"0\" data-image-meta=\"{&quot;aperture&quot;:&quot;0&quot;,&quot;credit&quot;:&quot;&quot;,&quot;camera&quot;:&quot;&quot;,&quot;caption&quot;:&quot;&quot;,&quot;created_timestamp&quot;:&quot;0&quot;,&quot;copyright&quot;:&quot;&quot;,&quot;focal_length&quot;:&quot;0&quot;,&quot;iso&quot;:&quot;0&quot;,&quot;shutter_speed&quot;:&quot;0&quot;,&quot;title&quot;:&quot;&quot;,&quot;orientation&quot;:&quot;0&quot;}\" data-image-title=\"Imagen de WhatsApp 2023-12-21 a las 12.58.01_64168fbe\" data-image-description=\"\" data-image-caption=\"\" data-large-file=\"https:\/\/eldiariodesanpedro.com.ar\/sitio\/wp-content\/uploads\/2023\/12\/Imagen-de-WhatsApp-2023-12-21-a-las-12.58.01_64168fbe.jpg\" data-src=\"https:\/\/eldiariodesanpedro.com.ar\/sitio\/wp-content\/uploads\/2023\/12\/Imagen-de-WhatsApp-2023-12-21-a-las-12.58.01_64168fbe.jpg\" alt=\"\" class=\"wp-image-124772 lazyload\" style=\"--smush-placeholder-width: 354px; --smush-placeholder-aspect-ratio: 354\/630;aspect-ratio:0.5619047619047619;width:470px;height:auto\" data-srcset=\"https:\/\/eldiariodesanpedro.com.ar\/sitio\/wp-content\/uploads\/2023\/12\/Imagen-de-WhatsApp-2023-12-21-a-las-12.58.01_64168fbe.jpg 354w, https:\/\/eldiariodesanpedro.com.ar\/sitio\/wp-content\/uploads\/2023\/12\/Imagen-de-WhatsApp-2023-12-21-a-las-12.58.01_64168fbe-169x300.jpg 169w\" data-sizes=\"(max-width: 354px) 100vw, 354px\" src=\"data:image\/svg+xml;base64,PHN2ZyB3aWR0aD0iMSIgaGVpZ2h0PSIxIiB4bWxucz0iaHR0cDovL3d3dy53My5vcmcvMjAwMC9zdmciPjwvc3ZnPg==\" \/><\/figure>\n\n\n\n<figure class=\"wp-block-image size-full\"><img decoding=\"async\" width=\"354\" height=\"630\" data-attachment-id=\"124773\" data-permalink=\"https:\/\/eldiariodesanpedro.com.ar\/sitio\/en-estas-fiestas-seamos-responsables-con-nuestros-residuos\/imagen-de-whatsapp-2023-12-21-a-las-12-58-01_c092b46d\/\" data-orig-file=\"https:\/\/eldiariodesanpedro.com.ar\/sitio\/wp-content\/uploads\/2023\/12\/Imagen-de-WhatsApp-2023-12-21-a-las-12.58.01_c092b46d.jpg\" data-orig-size=\"354,630\" data-comments-opened=\"0\" data-image-meta=\"{&quot;aperture&quot;:&quot;0&quot;,&quot;credit&quot;:&quot;&quot;,&quot;camera&quot;:&quot;&quot;,&quot;caption&quot;:&quot;&quot;,&quot;created_timestamp&quot;:&quot;0&quot;,&quot;copyright&quot;:&quot;&quot;,&quot;focal_length&quot;:&quot;0&quot;,&quot;iso&quot;:&quot;0&quot;,&quot;shutter_speed&quot;:&quot;0&quot;,&quot;title&quot;:&quot;&quot;,&quot;orientation&quot;:&quot;0&quot;}\" data-image-title=\"Imagen de WhatsApp 2023-12-21 a las 12.58.01_c092b46d\" data-image-description=\"\" data-image-caption=\"\" data-large-file=\"https:\/\/eldiariodesanpedro.com.ar\/sitio\/wp-content\/uploads\/2023\/12\/Imagen-de-WhatsApp-2023-12-21-a-las-12.58.01_c092b46d.jpg\" data-src=\"https:\/\/eldiariodesanpedro.com.ar\/sitio\/wp-content\/uploads\/2023\/12\/Imagen-de-WhatsApp-2023-12-21-a-las-12.58.01_c092b46d.jpg\" alt=\"\" class=\"wp-image-124773 lazyload\" data-srcset=\"https:\/\/eldiariodesanpedro.com.ar\/sitio\/wp-content\/uploads\/2023\/12\/Imagen-de-WhatsApp-2023-12-21-a-las-12.58.01_c092b46d.jpg 354w, https:\/\/eldiariodesanpedro.com.ar\/sitio\/wp-content\/uploads\/2023\/12\/Imagen-de-WhatsApp-2023-12-21-a-las-12.58.01_c092b46d-169x300.jpg 169w\" data-sizes=\"(max-width: 354px) 100vw, 354px\" src=\"data:image\/svg+xml;base64,PHN2ZyB3aWR0aD0iMSIgaGVpZ2h0PSIxIiB4bWxucz0iaHR0cDovL3d3dy53My5vcmcvMjAwMC9zdmciPjwvc3ZnPg==\" style=\"--smush-placeholder-width: 354px; --smush-placeholder-aspect-ratio: 354\/630;\" \/><\/figure>\n\n\n\n<figure class=\"wp-block-image size-full\"><img decoding=\"async\" width=\"354\" height=\"630\" data-attachment-id=\"124774\" data-permalink=\"https:\/\/eldiariodesanpedro.com.ar\/sitio\/en-estas-fiestas-seamos-responsables-con-nuestros-residuos\/imagen-de-whatsapp-2023-12-21-a-las-12-58-02_15042f26\/\" data-orig-file=\"https:\/\/eldiariodesanpedro.com.ar\/sitio\/wp-content\/uploads\/2023\/12\/Imagen-de-WhatsApp-2023-12-21-a-las-12.58.02_15042f26.jpg\" data-orig-size=\"354,630\" data-comments-opened=\"0\" data-image-meta=\"{&quot;aperture&quot;:&quot;0&quot;,&quot;credit&quot;:&quot;&quot;,&quot;camera&quot;:&quot;&quot;,&quot;caption&quot;:&quot;&quot;,&quot;created_timestamp&quot;:&quot;0&quot;,&quot;copyright&quot;:&quot;&quot;,&quot;focal_length&quot;:&quot;0&quot;,&quot;iso&quot;:&quot;0&quot;,&quot;shutter_speed&quot;:&quot;0&quot;,&quot;title&quot;:&quot;&quot;,&quot;orientation&quot;:&quot;0&quot;}\" data-image-title=\"Imagen de WhatsApp 2023-12-21 a las 12.58.02_15042f26\" data-image-description=\"\" data-image-caption=\"\" data-large-file=\"https:\/\/eldiariodesanpedro.com.ar\/sitio\/wp-content\/uploads\/2023\/12\/Imagen-de-WhatsApp-2023-12-21-a-las-12.58.02_15042f26.jpg\" data-src=\"https:\/\/eldiariodesanpedro.com.ar\/sitio\/wp-content\/uploads\/2023\/12\/Imagen-de-WhatsApp-2023-12-21-a-las-12.58.02_15042f26.jpg\" alt=\"\" class=\"wp-image-124774 lazyload\" data-srcset=\"https:\/\/eldiariodesanpedro.com.ar\/sitio\/wp-content\/uploads\/2023\/12\/Imagen-de-WhatsApp-2023-12-21-a-las-12.58.02_15042f26.jpg 354w, https:\/\/eldiariodesanpedro.com.ar\/sitio\/wp-content\/uploads\/2023\/12\/Imagen-de-WhatsApp-2023-12-21-a-las-12.58.02_15042f26-169x300.jpg 169w\" data-sizes=\"(max-width: 354px) 100vw, 354px\" src=\"data:image\/svg+xml;base64,PHN2ZyB3aWR0aD0iMSIgaGVpZ2h0PSIxIiB4bWxucz0iaHR0cDovL3d3dy53My5vcmcvMjAwMC9zdmciPjwvc3ZnPg==\" style=\"--smush-placeholder-width: 354px; --smush-placeholder-aspect-ratio: 354\/630;\" \/><\/figure>\n","protected":false},"excerpt":{"rendered":"<p>La Municipalidad de San Pedro, a trav\u00e9s de la Direcci\u00f3n de Ambiente, anuncia la implementaci\u00f3n de una prueba piloto de Puntos Verdes con el objetivo de constituir el primer paso hacia un sistema de Separaci\u00f3n y Reciclado, que busca reducir los niveles de contaminaci\u00f3n y generar valor a trav\u00e9s del trabajo de los Recuperadores Urbanos.En [&hellip;]<\/p>\n","protected":false},"author":4,"featured_media":115201,"comment_status":"closed","ping_status":"closed","sticky":false,"template":"","format":"standard","meta":{"om_disable_all_campaigns":false,"_jetpack_memberships_contains_paid_content":false,"footnotes":""},"categories":[50,101,2],"tags":[],"class_list":["post-124771","post","type-post","status-publish","format-standard","has-post-thumbnail","hentry","category-destacadas","category-interes-general-locales","category-locales"],"aioseo_notices":[],"gutentor_comment":0,"jetpack_featured_media_url":"https:\/\/eldiariodesanpedro.com.ar\/sitio\/wp-content\/uploads\/2023\/02\/Mi-Provincia-Recicla-1000x562-1.jpg","jetpack_shortlink":"https:\/\/wp.me\/p6RhLt-wsr","jetpack_sharing_enabled":true,"_links":{"self":[{"href":"https:\/\/eldiariodesanpedro.com.ar\/sitio\/wp-json\/wp\/v2\/posts\/124771","targetHints":{"allow":["GET"]}}],"collection":[{"href":"https:\/\/eldiariodesanpedro.com.ar\/sitio\/wp-json\/wp\/v2\/posts"}],"about":[{"href":"https:\/\/eldiariodesanpedro.com.ar\/sitio\/wp-json\/wp\/v2\/types\/post"}],"author":[{"embeddable":true,"href":"https:\/\/eldiariodesanpedro.com.ar\/sitio\/wp-json\/wp\/v2\/users\/4"}],"replies":[{"embeddable":true,"href":"https:\/\/eldiariodesanpedro.com.ar\/sitio\/wp-json\/wp\/v2\/comments?post=124771"}],"version-history":[{"count":1,"href":"https:\/\/eldiariodesanpedro.com.ar\/sitio\/wp-json\/wp\/v2\/posts\/124771\/revisions"}],"predecessor-version":[{"id":124775,"href":"https:\/\/eldiariodesanpedro.com.ar\/sitio\/wp-json\/wp\/v2\/posts\/124771\/revisions\/124775"}],"wp:featuredmedia":[{"embeddable":true,"href":"https:\/\/eldiariodesanpedro.com.ar\/sitio\/wp-json\/wp\/v2\/media\/115201"}],"wp:attachment":[{"href":"https:\/\/eldiariodesanpedro.com.ar\/sitio\/wp-json\/wp\/v2\/media?parent=124771"}],"wp:term":[{"taxonomy":"category","embeddable":true,"href":"https:\/\/eldiariodesanpedro.com.ar\/sitio\/wp-json\/wp\/v2\/categories?post=124771"},{"taxonomy":"post_tag","embeddable":true,"href":"https:\/\/eldiariodesanpedro.com.ar\/sitio\/wp-json\/wp\/v2\/tags?post=124771"}],"curies":[{"name":"wp","href":"https:\/\/api.w.org\/{rel}","templated":true}]}}