{"id":124758,"date":"2023-12-21T11:43:44","date_gmt":"2023-12-21T14:43:44","guid":{"rendered":"https:\/\/eldiariodesanpedro.com.ar\/sitio\/?p=124758"},"modified":"2023-12-21T11:43:46","modified_gmt":"2023-12-21T14:43:46","slug":"dos-ciudadanos-aprehendidos-por-el-robo-de-un-andamio","status":"publish","type":"post","link":"https:\/\/eldiariodesanpedro.com.ar\/sitio\/dos-ciudadanos-aprehendidos-por-el-robo-de-un-andamio\/","title":{"rendered":"Dos ciudadanos aprehendidos por el robo de un andamio"},"content":{"rendered":"<!-- VideographyWP Plugin Message: Automatic video embedding prevented by plugin options. -->\n\n<p>Durante la jornada de hoy el personal policial de la comisar\u00eda local se hace presente en calle Independencia y 72 bis, donde proceden a la aprehensi\u00f3n de dos masculinos mayores de edad quienes momentos antes sustraen de obra en construcci\u00f3n andamio secuestr\u00e1ndolo en su poder. Permanecen alojados en dependencia.-<\/p>\n","protected":false},"excerpt":{"rendered":"<p>Durante la jornada de hoy el personal policial de la comisar\u00eda local se hace presente en calle Independencia y 72 bis, donde proceden a la aprehensi\u00f3n de dos masculinos mayores de edad quienes momentos antes sustraen de obra en construcci\u00f3n andamio secuestr\u00e1ndolo en su poder. Permanecen alojados en dependencia.-<\/p>\n","protected":false},"author":4,"featured_media":124759,"comment_status":"closed","ping_status":"closed","sticky":false,"template":"","format":"standard","meta":{"om_disable_all_campaigns":false,"_jetpack_memberships_contains_paid_content":false,"footnotes":""},"categories":[2,103],"tags":[197,33,95,19],"class_list":["post-124758","post","type-post","status-publish","format-standard","has-post-thumbnail","hentry","category-locales","category-policiales-locales","tag-buenos-aires","tag-locales","tag-policiales","tag-san-pedro"],"aioseo_notices":[],"gutentor_comment":0,"jetpack_featured_media_url":"https:\/\/eldiariodesanpedro.com.ar\/sitio\/wp-content\/uploads\/2023\/12\/medida-19.png","jetpack_shortlink":"https:\/\/wp.me\/p6RhLt-wse","jetpack_sharing_enabled":true,"_links":{"self":[{"href":"https:\/\/eldiariodesanpedro.com.ar\/sitio\/wp-json\/wp\/v2\/posts\/124758","targetHints":{"allow":["GET"]}}],"collection":[{"href":"https:\/\/eldiariodesanpedro.com.ar\/sitio\/wp-json\/wp\/v2\/posts"}],"about":[{"href":"https:\/\/eldiariodesanpedro.com.ar\/sitio\/wp-json\/wp\/v2\/types\/post"}],"author":[{"embeddable":true,"href":"https:\/\/eldiariodesanpedro.com.ar\/sitio\/wp-json\/wp\/v2\/users\/4"}],"replies":[{"embeddable":true,"href":"https:\/\/eldiariodesanpedro.com.ar\/sitio\/wp-json\/wp\/v2\/comments?post=124758"}],"version-history":[{"count":1,"href":"https:\/\/eldiariodesanpedro.com.ar\/sitio\/wp-json\/wp\/v2\/posts\/124758\/revisions"}],"predecessor-version":[{"id":124760,"href":"https:\/\/eldiariodesanpedro.com.ar\/sitio\/wp-json\/wp\/v2\/posts\/124758\/revisions\/124760"}],"wp:featuredmedia":[{"embeddable":true,"href":"https:\/\/eldiariodesanpedro.com.ar\/sitio\/wp-json\/wp\/v2\/media\/124759"}],"wp:attachment":[{"href":"https:\/\/eldiariodesanpedro.com.ar\/sitio\/wp-json\/wp\/v2\/media?parent=124758"}],"wp:term":[{"taxonomy":"category","embeddable":true,"href":"https:\/\/eldiariodesanpedro.com.ar\/sitio\/wp-json\/wp\/v2\/categories?post=124758"},{"taxonomy":"post_tag","embeddable":true,"href":"https:\/\/eldiariodesanpedro.com.ar\/sitio\/wp-json\/wp\/v2\/tags?post=124758"}],"curies":[{"name":"wp","href":"https:\/\/api.w.org\/{rel}","templated":true}]}}