{"id":124755,"date":"2023-12-21T11:36:21","date_gmt":"2023-12-21T14:36:21","guid":{"rendered":"https:\/\/eldiariodesanpedro.com.ar\/sitio\/?p=124755"},"modified":"2023-12-21T11:36:23","modified_gmt":"2023-12-21T14:36:23","slug":"ciudadano-aprehendido-por-llevar-una-cuchilla-en-la-via-publica","status":"publish","type":"post","link":"https:\/\/eldiariodesanpedro.com.ar\/sitio\/ciudadano-aprehendido-por-llevar-una-cuchilla-en-la-via-publica\/","title":{"rendered":"Ciudadano aprehendido por llevar una cuchilla en la v\u00eda publica"},"content":{"rendered":"<!-- VideographyWP Plugin Message: Automatic video embedding prevented by plugin options. -->\n\n<p>En la jornada de ayer una persona fue aprehendida en v\u00eda p\u00fablica, en calle Noceda y Ruiz Moreno la polic\u00eda de la comisar\u00eda local se hace presente para aprehender a un ciudadano mayor de edad que circulaba con una cuchilla en su poder entre las prendas.<\/p>\n\n\n\n<p>El sujeto fue detenido y trasladado a la comisar\u00eda local donde se realiz\u00f3 el informe por la infracci\u00f3n al art\u00edculo 42 de la ley 8031.<\/p>\n","protected":false},"excerpt":{"rendered":"<p>En la jornada de ayer una persona fue aprehendida en v\u00eda p\u00fablica, en calle Noceda y Ruiz Moreno la polic\u00eda de la comisar\u00eda local se hace presente para aprehender a un ciudadano mayor de edad que circulaba con una cuchilla en su poder entre las prendas. El sujeto fue detenido y trasladado a la comisar\u00eda [&hellip;]<\/p>\n","protected":false},"author":4,"featured_media":124756,"comment_status":"closed","ping_status":"closed","sticky":false,"template":"","format":"standard","meta":{"om_disable_all_campaigns":false,"_jetpack_memberships_contains_paid_content":false,"footnotes":""},"categories":[2,103],"tags":[],"class_list":["post-124755","post","type-post","status-publish","format-standard","has-post-thumbnail","hentry","category-locales","category-policiales-locales"],"aioseo_notices":[],"gutentor_comment":0,"jetpack_featured_media_url":"https:\/\/eldiariodesanpedro.com.ar\/sitio\/wp-content\/uploads\/2023\/12\/medida-18.png","jetpack_shortlink":"https:\/\/wp.me\/p6RhLt-wsb","jetpack_sharing_enabled":true,"_links":{"self":[{"href":"https:\/\/eldiariodesanpedro.com.ar\/sitio\/wp-json\/wp\/v2\/posts\/124755","targetHints":{"allow":["GET"]}}],"collection":[{"href":"https:\/\/eldiariodesanpedro.com.ar\/sitio\/wp-json\/wp\/v2\/posts"}],"about":[{"href":"https:\/\/eldiariodesanpedro.com.ar\/sitio\/wp-json\/wp\/v2\/types\/post"}],"author":[{"embeddable":true,"href":"https:\/\/eldiariodesanpedro.com.ar\/sitio\/wp-json\/wp\/v2\/users\/4"}],"replies":[{"embeddable":true,"href":"https:\/\/eldiariodesanpedro.com.ar\/sitio\/wp-json\/wp\/v2\/comments?post=124755"}],"version-history":[{"count":1,"href":"https:\/\/eldiariodesanpedro.com.ar\/sitio\/wp-json\/wp\/v2\/posts\/124755\/revisions"}],"predecessor-version":[{"id":124757,"href":"https:\/\/eldiariodesanpedro.com.ar\/sitio\/wp-json\/wp\/v2\/posts\/124755\/revisions\/124757"}],"wp:featuredmedia":[{"embeddable":true,"href":"https:\/\/eldiariodesanpedro.com.ar\/sitio\/wp-json\/wp\/v2\/media\/124756"}],"wp:attachment":[{"href":"https:\/\/eldiariodesanpedro.com.ar\/sitio\/wp-json\/wp\/v2\/media?parent=124755"}],"wp:term":[{"taxonomy":"category","embeddable":true,"href":"https:\/\/eldiariodesanpedro.com.ar\/sitio\/wp-json\/wp\/v2\/categories?post=124755"},{"taxonomy":"post_tag","embeddable":true,"href":"https:\/\/eldiariodesanpedro.com.ar\/sitio\/wp-json\/wp\/v2\/tags?post=124755"}],"curies":[{"name":"wp","href":"https:\/\/api.w.org\/{rel}","templated":true}]}}