{"id":124752,"date":"2023-12-21T11:22:04","date_gmt":"2023-12-21T14:22:04","guid":{"rendered":"https:\/\/eldiariodesanpedro.com.ar\/sitio\/?p=124752"},"modified":"2023-12-21T11:22:07","modified_gmt":"2023-12-21T14:22:07","slug":"detencion-en-via-publica-por-presunto-robo-de-ganado-en-santa-lucia","status":"publish","type":"post","link":"https:\/\/eldiariodesanpedro.com.ar\/sitio\/detencion-en-via-publica-por-presunto-robo-de-ganado-en-santa-lucia\/","title":{"rendered":"Detenci\u00f3n en V\u00eda P\u00fablica por Presunto Robo de Ganado en Santa Lucia"},"content":{"rendered":"<!-- VideographyWP Plugin Message: Automatic video embedding prevented by plugin options. -->\n\n<p>En el d\u00eda de ayer, se llev\u00f3 a cabo la aprehensi\u00f3n de un individuo del sexo masculino en la v\u00eda p\u00fablica en la vecina ciudad de Santa Lucia, espec\u00edficamente en la intersecci\u00f3n de las calles O Farrell y avenida Constituci\u00f3n. El sujeto, mayor de edad, fue reducido por las autoridades despu\u00e9s de presuntamente sustraer un equino de la propiedad de otra persona en una zona rural.<\/p>\n\n\n\n<p>Durante la intervenci\u00f3n, se incaut\u00f3 al individuo una arma blanca de tipo Tramontina y una tenaza. El objeto del presunto robo, un caballo perteneciente a la v\u00edctima, fue recuperado y devuelto a su propietario.<\/p>\n\n\n\n<p>El masculino detenido permanece alojado en dependencias policiales mientras se llevan a cabo las investigaciones correspondientes. La r\u00e1pida respuesta de las autoridades permiti\u00f3 la detenci\u00f3n del sospechoso y la recuperaci\u00f3n del animal sustra\u00eddo.<\/p>\n","protected":false},"excerpt":{"rendered":"<p>En el d\u00eda de ayer, se llev\u00f3 a cabo la aprehensi\u00f3n de un individuo del sexo masculino en la v\u00eda p\u00fablica en la vecina ciudad de Santa Lucia, espec\u00edficamente en la intersecci\u00f3n de las calles O Farrell y avenida Constituci\u00f3n. El sujeto, mayor de edad, fue reducido por las autoridades despu\u00e9s de presuntamente sustraer un [&hellip;]<\/p>\n","protected":false},"author":4,"featured_media":124753,"comment_status":"closed","ping_status":"closed","sticky":false,"template":"","format":"standard","meta":{"om_disable_all_campaigns":false,"_jetpack_memberships_contains_paid_content":false,"footnotes":""},"categories":[2,103],"tags":[],"class_list":["post-124752","post","type-post","status-publish","format-standard","has-post-thumbnail","hentry","category-locales","category-policiales-locales"],"aioseo_notices":[],"gutentor_comment":0,"jetpack_featured_media_url":"https:\/\/eldiariodesanpedro.com.ar\/sitio\/wp-content\/uploads\/2023\/12\/medida-17.png","jetpack_shortlink":"https:\/\/wp.me\/p6RhLt-ws8","jetpack_sharing_enabled":true,"_links":{"self":[{"href":"https:\/\/eldiariodesanpedro.com.ar\/sitio\/wp-json\/wp\/v2\/posts\/124752","targetHints":{"allow":["GET"]}}],"collection":[{"href":"https:\/\/eldiariodesanpedro.com.ar\/sitio\/wp-json\/wp\/v2\/posts"}],"about":[{"href":"https:\/\/eldiariodesanpedro.com.ar\/sitio\/wp-json\/wp\/v2\/types\/post"}],"author":[{"embeddable":true,"href":"https:\/\/eldiariodesanpedro.com.ar\/sitio\/wp-json\/wp\/v2\/users\/4"}],"replies":[{"embeddable":true,"href":"https:\/\/eldiariodesanpedro.com.ar\/sitio\/wp-json\/wp\/v2\/comments?post=124752"}],"version-history":[{"count":1,"href":"https:\/\/eldiariodesanpedro.com.ar\/sitio\/wp-json\/wp\/v2\/posts\/124752\/revisions"}],"predecessor-version":[{"id":124754,"href":"https:\/\/eldiariodesanpedro.com.ar\/sitio\/wp-json\/wp\/v2\/posts\/124752\/revisions\/124754"}],"wp:featuredmedia":[{"embeddable":true,"href":"https:\/\/eldiariodesanpedro.com.ar\/sitio\/wp-json\/wp\/v2\/media\/124753"}],"wp:attachment":[{"href":"https:\/\/eldiariodesanpedro.com.ar\/sitio\/wp-json\/wp\/v2\/media?parent=124752"}],"wp:term":[{"taxonomy":"category","embeddable":true,"href":"https:\/\/eldiariodesanpedro.com.ar\/sitio\/wp-json\/wp\/v2\/categories?post=124752"},{"taxonomy":"post_tag","embeddable":true,"href":"https:\/\/eldiariodesanpedro.com.ar\/sitio\/wp-json\/wp\/v2\/tags?post=124752"}],"curies":[{"name":"wp","href":"https:\/\/api.w.org\/{rel}","templated":true}]}}