{"id":124745,"date":"2023-12-20T22:16:30","date_gmt":"2023-12-21T01:16:30","guid":{"rendered":"https:\/\/eldiariodesanpedro.com.ar\/sitio\/?p=124745"},"modified":"2023-12-20T22:16:32","modified_gmt":"2023-12-21T01:16:32","slug":"pesar-por-el-fallecimiento-del-historico-dirigente-justicialista-y-ex-concejal-oscar-ferrandez","status":"publish","type":"post","link":"https:\/\/eldiariodesanpedro.com.ar\/sitio\/pesar-por-el-fallecimiento-del-historico-dirigente-justicialista-y-ex-concejal-oscar-ferrandez\/","title":{"rendered":"Pesar por el fallecimiento del hist\u00f3rico dirigente justicialista y ex concejal Oscar Ferr\u00e1ndez"},"content":{"rendered":"<!-- VideographyWP Plugin Message: Automatic video embedding prevented by plugin options. -->\n\n<p>El Intendente Cecilio Salazar en nombre propio y del equipo de gobierno de la Municipalidad de San Pedro, expresa sus condolencias ante el fallecimiento del hist\u00f3rico dirigente justicialista y ex concejal Oscar Ferr\u00e1ndez.<\/p>\n\n\n\n<p>Acompa\u00f1amos a su familia, seres queridos, compa\u00f1eros y compa\u00f1eras de militancia en este doloroso momento.<\/p>\n","protected":false},"excerpt":{"rendered":"<p>El Intendente Cecilio Salazar en nombre propio y del equipo de gobierno de la Municipalidad de San Pedro, expresa sus condolencias ante el fallecimiento del hist\u00f3rico dirigente justicialista y ex concejal Oscar Ferr\u00e1ndez. Acompa\u00f1amos a su familia, seres queridos, compa\u00f1eros y compa\u00f1eras de militancia en este doloroso momento.<\/p>\n","protected":false},"author":4,"featured_media":124746,"comment_status":"closed","ping_status":"closed","sticky":false,"template":"","format":"standard","meta":{"om_disable_all_campaigns":false,"_jetpack_memberships_contains_paid_content":false,"footnotes":""},"categories":[101,2],"tags":[197,696,33,19],"class_list":["post-124745","post","type-post","status-publish","format-standard","has-post-thumbnail","hentry","category-interes-general-locales","category-locales","tag-buenos-aires","tag-interes-general","tag-locales","tag-san-pedro"],"aioseo_notices":[],"gutentor_comment":0,"jetpack_featured_media_url":"https:\/\/eldiariodesanpedro.com.ar\/sitio\/wp-content\/uploads\/2023\/12\/Imagen-de-WhatsApp-2023-12-20-a-las-14.43.02_eb239dfd.jpg","jetpack_shortlink":"https:\/\/wp.me\/p6RhLt-ws1","jetpack_sharing_enabled":true,"_links":{"self":[{"href":"https:\/\/eldiariodesanpedro.com.ar\/sitio\/wp-json\/wp\/v2\/posts\/124745","targetHints":{"allow":["GET"]}}],"collection":[{"href":"https:\/\/eldiariodesanpedro.com.ar\/sitio\/wp-json\/wp\/v2\/posts"}],"about":[{"href":"https:\/\/eldiariodesanpedro.com.ar\/sitio\/wp-json\/wp\/v2\/types\/post"}],"author":[{"embeddable":true,"href":"https:\/\/eldiariodesanpedro.com.ar\/sitio\/wp-json\/wp\/v2\/users\/4"}],"replies":[{"embeddable":true,"href":"https:\/\/eldiariodesanpedro.com.ar\/sitio\/wp-json\/wp\/v2\/comments?post=124745"}],"version-history":[{"count":1,"href":"https:\/\/eldiariodesanpedro.com.ar\/sitio\/wp-json\/wp\/v2\/posts\/124745\/revisions"}],"predecessor-version":[{"id":124747,"href":"https:\/\/eldiariodesanpedro.com.ar\/sitio\/wp-json\/wp\/v2\/posts\/124745\/revisions\/124747"}],"wp:featuredmedia":[{"embeddable":true,"href":"https:\/\/eldiariodesanpedro.com.ar\/sitio\/wp-json\/wp\/v2\/media\/124746"}],"wp:attachment":[{"href":"https:\/\/eldiariodesanpedro.com.ar\/sitio\/wp-json\/wp\/v2\/media?parent=124745"}],"wp:term":[{"taxonomy":"category","embeddable":true,"href":"https:\/\/eldiariodesanpedro.com.ar\/sitio\/wp-json\/wp\/v2\/categories?post=124745"},{"taxonomy":"post_tag","embeddable":true,"href":"https:\/\/eldiariodesanpedro.com.ar\/sitio\/wp-json\/wp\/v2\/tags?post=124745"}],"curies":[{"name":"wp","href":"https:\/\/api.w.org\/{rel}","templated":true}]}}