{"id":124741,"date":"2023-12-20T22:07:24","date_gmt":"2023-12-21T01:07:24","guid":{"rendered":"https:\/\/eldiariodesanpedro.com.ar\/sitio\/?p=124741"},"modified":"2023-12-20T22:07:31","modified_gmt":"2023-12-21T01:07:31","slug":"robaron-un-aire-acondicionado-portatil-en-un-comercio-de-la-zona-centrica","status":"publish","type":"post","link":"https:\/\/eldiariodesanpedro.com.ar\/sitio\/robaron-un-aire-acondicionado-portatil-en-un-comercio-de-la-zona-centrica\/","title":{"rendered":"Robaron un Aire Acondicionado port\u00e1til en un comercio de la zona c\u00e9ntrica"},"content":{"rendered":"<!-- VideographyWP Plugin Message: Automatic video embedding prevented by plugin options. -->\n\n<p>En una c\u00e1mara de seguridad se puede apreciar a individuos que caminaban por la calle Ituzaingo y, al llegar a la esquina con Balcarce, ingresaron r\u00e1pidamente a un local comercial de venta de electrodom\u00e9sticos antes de huir en la misma direcci\u00f3n por la que vinieron. <\/p>\n\n\n\n<p>Los delincuentes se llevaron un aire acondicionado port\u00e1til valuado en alrededor de 700 mil pesos.<\/p>\n\n\n\n<p>Los propietarios han compartido p\u00fablicamente esta situaci\u00f3n con el objetivo de colaborar en la identificaci\u00f3n de los responsables.<\/p>\n\n\n\n<iframe data-src=\"https:\/\/www.facebook.com\/plugins\/video.php?height=314&#038;href=https%3A%2F%2Fwww.facebook.com%2Fdiariosp2%2Fvideos%2F631909115623166%2F&#038;show_text=false&#038;width=560&#038;t=0\" width=\"560\" height=\"314\" style=\"border:none;overflow:hidden\" scrolling=\"no\" frameborder=\"0\" allowfullscreen=\"true\" allow=\"autoplay; clipboard-write; encrypted-media; picture-in-picture; web-share\" allowFullScreen=\"true\" src=\"data:image\/svg+xml;base64,PHN2ZyB3aWR0aD0iMSIgaGVpZ2h0PSIxIiB4bWxucz0iaHR0cDovL3d3dy53My5vcmcvMjAwMC9zdmciPjwvc3ZnPg==\" class=\"lazyload\" data-load-mode=\"1\"><\/iframe>\n","protected":false},"excerpt":{"rendered":"<p>En una c\u00e1mara de seguridad se puede apreciar a individuos que caminaban por la calle Ituzaingo y, al llegar a la esquina con Balcarce, ingresaron r\u00e1pidamente a un local comercial de venta de electrodom\u00e9sticos antes de huir en la misma direcci\u00f3n por la que vinieron. Los delincuentes se llevaron un aire acondicionado port\u00e1til valuado en [&hellip;]<\/p>\n","protected":false},"author":4,"featured_media":124742,"comment_status":"closed","ping_status":"closed","sticky":false,"template":"","format":"standard","meta":{"om_disable_all_campaigns":false,"_jetpack_memberships_contains_paid_content":false,"footnotes":""},"categories":[50,2,103],"tags":[],"class_list":["post-124741","post","type-post","status-publish","format-standard","has-post-thumbnail","hentry","category-destacadas","category-locales","category-policiales-locales"],"aioseo_notices":[],"gutentor_comment":0,"jetpack_featured_media_url":"https:\/\/eldiariodesanpedro.com.ar\/sitio\/wp-content\/uploads\/2023\/12\/medida-15.png","jetpack_shortlink":"https:\/\/wp.me\/p6RhLt-wrX","jetpack_sharing_enabled":true,"_links":{"self":[{"href":"https:\/\/eldiariodesanpedro.com.ar\/sitio\/wp-json\/wp\/v2\/posts\/124741","targetHints":{"allow":["GET"]}}],"collection":[{"href":"https:\/\/eldiariodesanpedro.com.ar\/sitio\/wp-json\/wp\/v2\/posts"}],"about":[{"href":"https:\/\/eldiariodesanpedro.com.ar\/sitio\/wp-json\/wp\/v2\/types\/post"}],"author":[{"embeddable":true,"href":"https:\/\/eldiariodesanpedro.com.ar\/sitio\/wp-json\/wp\/v2\/users\/4"}],"replies":[{"embeddable":true,"href":"https:\/\/eldiariodesanpedro.com.ar\/sitio\/wp-json\/wp\/v2\/comments?post=124741"}],"version-history":[{"count":1,"href":"https:\/\/eldiariodesanpedro.com.ar\/sitio\/wp-json\/wp\/v2\/posts\/124741\/revisions"}],"predecessor-version":[{"id":124743,"href":"https:\/\/eldiariodesanpedro.com.ar\/sitio\/wp-json\/wp\/v2\/posts\/124741\/revisions\/124743"}],"wp:featuredmedia":[{"embeddable":true,"href":"https:\/\/eldiariodesanpedro.com.ar\/sitio\/wp-json\/wp\/v2\/media\/124742"}],"wp:attachment":[{"href":"https:\/\/eldiariodesanpedro.com.ar\/sitio\/wp-json\/wp\/v2\/media?parent=124741"}],"wp:term":[{"taxonomy":"category","embeddable":true,"href":"https:\/\/eldiariodesanpedro.com.ar\/sitio\/wp-json\/wp\/v2\/categories?post=124741"},{"taxonomy":"post_tag","embeddable":true,"href":"https:\/\/eldiariodesanpedro.com.ar\/sitio\/wp-json\/wp\/v2\/tags?post=124741"}],"curies":[{"name":"wp","href":"https:\/\/api.w.org\/{rel}","templated":true}]}}