{"id":124738,"date":"2023-12-20T21:01:47","date_gmt":"2023-12-21T00:01:47","guid":{"rendered":"https:\/\/eldiariodesanpedro.com.ar\/sitio\/?p=124738"},"modified":"2023-12-20T21:01:49","modified_gmt":"2023-12-21T00:01:49","slug":"detienen-en-baradero-a-mecheros-que-robaron-en-un-local-de-ropa-en-san-pedro","status":"publish","type":"post","link":"https:\/\/eldiariodesanpedro.com.ar\/sitio\/detienen-en-baradero-a-mecheros-que-robaron-en-un-local-de-ropa-en-san-pedro\/","title":{"rendered":"Detienen en Baradero a mecheros que robaron en un local de ropa en San Pedro"},"content":{"rendered":"<!-- VideographyWP Plugin Message: Automatic video embedding prevented by plugin options. -->\n\n<p>Cerca del mediod\u00eda de este mi\u00e9rcoles, una banda de malvivientes, oriundos de la localidad de San Mart\u00edn fueron detenido por la polic\u00eda de Baradero.<\/p>\n\n\n\n<p>Hab\u00edan cometido un il\u00edcito en un comercio de Pellegrini y Las Heras, cuando dos mujeres y dos varones que estuvieron en el local, sustrajeron diversas prendas.<\/p>\n\n\n\n<p>Los sujetos se dirig\u00edan en una camioneta Vw Amarok por la Ruta Provincial 41 cuando fueron interceptados y detenidos, tras la alerta enviado desde la Comisar\u00eda de San Pedro. Para ello se mont\u00f3 un operativo cerrojo y lograron interceptar el veh\u00edculo. Los cuatro ocupantes del rodado fueron detenidos y se les secuestr\u00f3 el bot\u00edn, que consist\u00eda en dinero y mercader\u00eda, quedando los detenidos quedaron a disposici\u00f3n de la justicia, acusados de robo agravado.<\/p>\n","protected":false},"excerpt":{"rendered":"<p>Cerca del mediod\u00eda de este mi\u00e9rcoles, una banda de malvivientes, oriundos de la localidad de San Mart\u00edn fueron detenido por la polic\u00eda de Baradero. Hab\u00edan cometido un il\u00edcito en un comercio de Pellegrini y Las Heras, cuando dos mujeres y dos varones que estuvieron en el local, sustrajeron diversas prendas. Los sujetos se dirig\u00edan en [&hellip;]<\/p>\n","protected":false},"author":4,"featured_media":124739,"comment_status":"closed","ping_status":"closed","sticky":false,"template":"","format":"standard","meta":{"om_disable_all_campaigns":false,"_jetpack_memberships_contains_paid_content":false,"footnotes":""},"categories":[50,2,103],"tags":[197,33,95,19],"class_list":["post-124738","post","type-post","status-publish","format-standard","has-post-thumbnail","hentry","category-destacadas","category-locales","category-policiales-locales","tag-buenos-aires","tag-locales","tag-policiales","tag-san-pedro"],"aioseo_notices":[],"gutentor_comment":0,"jetpack_featured_media_url":"https:\/\/eldiariodesanpedro.com.ar\/sitio\/wp-content\/uploads\/2023\/12\/mecheros.jpg","jetpack_shortlink":"https:\/\/wp.me\/p6RhLt-wrU","jetpack_sharing_enabled":true,"_links":{"self":[{"href":"https:\/\/eldiariodesanpedro.com.ar\/sitio\/wp-json\/wp\/v2\/posts\/124738","targetHints":{"allow":["GET"]}}],"collection":[{"href":"https:\/\/eldiariodesanpedro.com.ar\/sitio\/wp-json\/wp\/v2\/posts"}],"about":[{"href":"https:\/\/eldiariodesanpedro.com.ar\/sitio\/wp-json\/wp\/v2\/types\/post"}],"author":[{"embeddable":true,"href":"https:\/\/eldiariodesanpedro.com.ar\/sitio\/wp-json\/wp\/v2\/users\/4"}],"replies":[{"embeddable":true,"href":"https:\/\/eldiariodesanpedro.com.ar\/sitio\/wp-json\/wp\/v2\/comments?post=124738"}],"version-history":[{"count":1,"href":"https:\/\/eldiariodesanpedro.com.ar\/sitio\/wp-json\/wp\/v2\/posts\/124738\/revisions"}],"predecessor-version":[{"id":124740,"href":"https:\/\/eldiariodesanpedro.com.ar\/sitio\/wp-json\/wp\/v2\/posts\/124738\/revisions\/124740"}],"wp:featuredmedia":[{"embeddable":true,"href":"https:\/\/eldiariodesanpedro.com.ar\/sitio\/wp-json\/wp\/v2\/media\/124739"}],"wp:attachment":[{"href":"https:\/\/eldiariodesanpedro.com.ar\/sitio\/wp-json\/wp\/v2\/media?parent=124738"}],"wp:term":[{"taxonomy":"category","embeddable":true,"href":"https:\/\/eldiariodesanpedro.com.ar\/sitio\/wp-json\/wp\/v2\/categories?post=124738"},{"taxonomy":"post_tag","embeddable":true,"href":"https:\/\/eldiariodesanpedro.com.ar\/sitio\/wp-json\/wp\/v2\/tags?post=124738"}],"curies":[{"name":"wp","href":"https:\/\/api.w.org\/{rel}","templated":true}]}}