{"id":124736,"date":"2023-12-20T20:55:29","date_gmt":"2023-12-20T23:55:29","guid":{"rendered":"https:\/\/eldiariodesanpedro.com.ar\/sitio\/?p=124736"},"modified":"2023-12-20T20:55:32","modified_gmt":"2023-12-20T23:55:32","slug":"un-motociclista-sufrio-heridas-graves-al-chocar-contra-un-camion-en-la-ruta-9","status":"publish","type":"post","link":"https:\/\/eldiariodesanpedro.com.ar\/sitio\/un-motociclista-sufrio-heridas-graves-al-chocar-contra-un-camion-en-la-ruta-9\/","title":{"rendered":"Un motociclista sufri\u00f3 heridas graves al chocar contra un cami\u00f3n en la ruta 9"},"content":{"rendered":"<!-- VideographyWP Plugin Message: Automatic video embedding prevented by plugin options. -->\n\n<p>Un adolescente de 14 a\u00f1os result\u00f3 gravemente herido tras chocar con su motocicleta contra un acoplado en la ruta 9. El hecho ocurri\u00f3 el d\u00eda 19 de diciembre de 2023, cerca de las 12:00 horas, en el kil\u00f3metro 176 del carril que une Buenos Aires con Rosario. Seg\u00fan las primeras informaciones, el joven conduc\u00eda una moto marca Honda de 150 cc. y por motivos que a\u00fan se investigan, impact\u00f3 contra la parte trasera de un acoplado marca Herman, que era remolcado por un cami\u00f3n marca Iveco 280, conducido por un hombre de 50 a\u00f1os.<\/p>\n\n\n\n<p>El adolescente fue asistido por una ambulancia y trasladado al hospital Sub Zonal San Pedro Dr. Emilio Rufa, donde se le diagnosticaron lesiones de car\u00e1cter grave.<\/p>\n\n\n\n<p>En el lugar del accidente trabaj\u00f3 personal de Polic\u00eda Cient\u00edfica San Pedro, bajo la intervenci\u00f3n de la UFI 7.<\/p>\n","protected":false},"excerpt":{"rendered":"<p>Un adolescente de 14 a\u00f1os result\u00f3 gravemente herido tras chocar con su motocicleta contra un acoplado en la ruta 9. El hecho ocurri\u00f3 el d\u00eda 19 de diciembre de 2023, cerca de las 12:00 horas, en el kil\u00f3metro 176 del carril que une Buenos Aires con Rosario. Seg\u00fan las primeras informaciones, el joven conduc\u00eda una [&hellip;]<\/p>\n","protected":false},"author":4,"featured_media":75019,"comment_status":"closed","ping_status":"closed","sticky":false,"template":"","format":"standard","meta":{"om_disable_all_campaigns":false,"_jetpack_memberships_contains_paid_content":false,"footnotes":""},"categories":[2,103],"tags":[197,33,95,19],"class_list":["post-124736","post","type-post","status-publish","format-standard","has-post-thumbnail","hentry","category-locales","category-policiales-locales","tag-buenos-aires","tag-locales","tag-policiales","tag-san-pedro"],"aioseo_notices":[],"gutentor_comment":0,"jetpack_featured_media_url":"https:\/\/eldiariodesanpedro.com.ar\/sitio\/wp-content\/uploads\/2020\/06\/guardia-1.jpg","jetpack_shortlink":"https:\/\/wp.me\/p6RhLt-wrS","jetpack_sharing_enabled":true,"_links":{"self":[{"href":"https:\/\/eldiariodesanpedro.com.ar\/sitio\/wp-json\/wp\/v2\/posts\/124736","targetHints":{"allow":["GET"]}}],"collection":[{"href":"https:\/\/eldiariodesanpedro.com.ar\/sitio\/wp-json\/wp\/v2\/posts"}],"about":[{"href":"https:\/\/eldiariodesanpedro.com.ar\/sitio\/wp-json\/wp\/v2\/types\/post"}],"author":[{"embeddable":true,"href":"https:\/\/eldiariodesanpedro.com.ar\/sitio\/wp-json\/wp\/v2\/users\/4"}],"replies":[{"embeddable":true,"href":"https:\/\/eldiariodesanpedro.com.ar\/sitio\/wp-json\/wp\/v2\/comments?post=124736"}],"version-history":[{"count":1,"href":"https:\/\/eldiariodesanpedro.com.ar\/sitio\/wp-json\/wp\/v2\/posts\/124736\/revisions"}],"predecessor-version":[{"id":124737,"href":"https:\/\/eldiariodesanpedro.com.ar\/sitio\/wp-json\/wp\/v2\/posts\/124736\/revisions\/124737"}],"wp:featuredmedia":[{"embeddable":true,"href":"https:\/\/eldiariodesanpedro.com.ar\/sitio\/wp-json\/wp\/v2\/media\/75019"}],"wp:attachment":[{"href":"https:\/\/eldiariodesanpedro.com.ar\/sitio\/wp-json\/wp\/v2\/media?parent=124736"}],"wp:term":[{"taxonomy":"category","embeddable":true,"href":"https:\/\/eldiariodesanpedro.com.ar\/sitio\/wp-json\/wp\/v2\/categories?post=124736"},{"taxonomy":"post_tag","embeddable":true,"href":"https:\/\/eldiariodesanpedro.com.ar\/sitio\/wp-json\/wp\/v2\/tags?post=124736"}],"curies":[{"name":"wp","href":"https:\/\/api.w.org\/{rel}","templated":true}]}}