{"id":124733,"date":"2023-12-20T20:49:03","date_gmt":"2023-12-20T23:49:03","guid":{"rendered":"https:\/\/eldiariodesanpedro.com.ar\/sitio\/?p=124733"},"modified":"2023-12-20T20:49:06","modified_gmt":"2023-12-20T23:49:06","slug":"varios-heridos-en-una-colision-entre-dos-motocicletas","status":"publish","type":"post","link":"https:\/\/eldiariodesanpedro.com.ar\/sitio\/varios-heridos-en-una-colision-entre-dos-motocicletas\/","title":{"rendered":"Varios heridos en una colisi\u00f3n entre dos motocicletas"},"content":{"rendered":"<!-- VideographyWP Plugin Message: Automatic video embedding prevented by plugin options. -->\n\n<p>Una colisi\u00f3n entre dos motocicletas dej\u00f3 cuatro heridos leves en la ciudad de Carlos Pellegrini. El hecho ocurri\u00f3 ayer alrededor de las 10 de la ma\u00f1ana en la intersecci\u00f3n de las calles Carlos Pellegrini e H. Irigoyen, cuando una moto GILERA conducida por un hombre de 39 a\u00f1os y acompa\u00f1ada por otro de la misma edad, impact\u00f3 con una MOTOMEL Cross 125CC guiada por un adolescente de 15 a\u00f1os y acompa\u00f1ada por otro de 14 a\u00f1os.<\/p>\n\n\n\n<p>Seg\u00fan inform\u00f3 la polic\u00eda, los cuatro involucrados fueron trasladados al hospital local con lesiones culposas de car\u00e1cter leve, sin riesgo de vida. La causa fue caratulada como \u00ablesiones culposas\u00bb e interviene la UFI JOVEN.<\/p>\n","protected":false},"excerpt":{"rendered":"<p>Una colisi\u00f3n entre dos motocicletas dej\u00f3 cuatro heridos leves en la ciudad de Carlos Pellegrini. El hecho ocurri\u00f3 ayer alrededor de las 10 de la ma\u00f1ana en la intersecci\u00f3n de las calles Carlos Pellegrini e H. Irigoyen, cuando una moto GILERA conducida por un hombre de 39 a\u00f1os y acompa\u00f1ada por otro de la misma [&hellip;]<\/p>\n","protected":false},"author":4,"featured_media":124734,"comment_status":"closed","ping_status":"closed","sticky":false,"template":"","format":"standard","meta":{"om_disable_all_campaigns":false,"_jetpack_memberships_contains_paid_content":false,"footnotes":""},"categories":[2,103],"tags":[197,33,95,19],"class_list":["post-124733","post","type-post","status-publish","format-standard","has-post-thumbnail","hentry","category-locales","category-policiales-locales","tag-buenos-aires","tag-locales","tag-policiales","tag-san-pedro"],"aioseo_notices":[],"gutentor_comment":0,"jetpack_featured_media_url":"https:\/\/eldiariodesanpedro.com.ar\/sitio\/wp-content\/uploads\/2023\/12\/choqueee.jpg","jetpack_shortlink":"https:\/\/wp.me\/p6RhLt-wrP","jetpack_sharing_enabled":true,"_links":{"self":[{"href":"https:\/\/eldiariodesanpedro.com.ar\/sitio\/wp-json\/wp\/v2\/posts\/124733","targetHints":{"allow":["GET"]}}],"collection":[{"href":"https:\/\/eldiariodesanpedro.com.ar\/sitio\/wp-json\/wp\/v2\/posts"}],"about":[{"href":"https:\/\/eldiariodesanpedro.com.ar\/sitio\/wp-json\/wp\/v2\/types\/post"}],"author":[{"embeddable":true,"href":"https:\/\/eldiariodesanpedro.com.ar\/sitio\/wp-json\/wp\/v2\/users\/4"}],"replies":[{"embeddable":true,"href":"https:\/\/eldiariodesanpedro.com.ar\/sitio\/wp-json\/wp\/v2\/comments?post=124733"}],"version-history":[{"count":1,"href":"https:\/\/eldiariodesanpedro.com.ar\/sitio\/wp-json\/wp\/v2\/posts\/124733\/revisions"}],"predecessor-version":[{"id":124735,"href":"https:\/\/eldiariodesanpedro.com.ar\/sitio\/wp-json\/wp\/v2\/posts\/124733\/revisions\/124735"}],"wp:featuredmedia":[{"embeddable":true,"href":"https:\/\/eldiariodesanpedro.com.ar\/sitio\/wp-json\/wp\/v2\/media\/124734"}],"wp:attachment":[{"href":"https:\/\/eldiariodesanpedro.com.ar\/sitio\/wp-json\/wp\/v2\/media?parent=124733"}],"wp:term":[{"taxonomy":"category","embeddable":true,"href":"https:\/\/eldiariodesanpedro.com.ar\/sitio\/wp-json\/wp\/v2\/categories?post=124733"},{"taxonomy":"post_tag","embeddable":true,"href":"https:\/\/eldiariodesanpedro.com.ar\/sitio\/wp-json\/wp\/v2\/tags?post=124733"}],"curies":[{"name":"wp","href":"https:\/\/api.w.org\/{rel}","templated":true}]}}