{"id":124730,"date":"2023-12-20T20:36:31","date_gmt":"2023-12-20T23:36:31","guid":{"rendered":"https:\/\/eldiariodesanpedro.com.ar\/sitio\/?p=124730"},"modified":"2023-12-20T20:36:33","modified_gmt":"2023-12-20T23:36:33","slug":"robo-naranjas-en-un-campo-y-fue-aprehendido","status":"publish","type":"post","link":"https:\/\/eldiariodesanpedro.com.ar\/sitio\/robo-naranjas-en-un-campo-y-fue-aprehendido\/","title":{"rendered":"Robo naranjas en un campo y fue aprehendido"},"content":{"rendered":"<!-- VideographyWP Plugin Message: Automatic video embedding prevented by plugin options. -->\n\n<p>Un procedimiento policial llevado a cabo en G\u00fcemes y calle 41 result\u00f3 en la identificaci\u00f3n y detenci\u00f3n de un individuo sorprendido robando c\u00edtricos en un campo. El arresto se llev\u00f3 a cabo cuando un hombre de 25 a\u00f1os fue aprehendido en posesi\u00f3n de una bolsa que conten\u00eda frutas sustra\u00eddas de una finca cercana a calle Lavalle, propiedad de un hombre de 70 a\u00f1os.<\/p>\n\n\n\n<p>El detenido, quien tiene antecedentes delictivos, ha estado involucrado en varios incidentes previos en el mismo barrio. La UFI 7, dirigida por la Dra. Mar\u00eda del Valle Viviani, ha asumido el caso y orden\u00f3 que el imputado permanezca en los calabozos de la Comisar\u00eda mientras espera ser llevado a su primera audiencia en la sede de Fiscal\u00eda.<\/p>\n","protected":false},"excerpt":{"rendered":"<p>Un procedimiento policial llevado a cabo en G\u00fcemes y calle 41 result\u00f3 en la identificaci\u00f3n y detenci\u00f3n de un individuo sorprendido robando c\u00edtricos en un campo. El arresto se llev\u00f3 a cabo cuando un hombre de 25 a\u00f1os fue aprehendido en posesi\u00f3n de una bolsa que conten\u00eda frutas sustra\u00eddas de una finca cercana a calle [&hellip;]<\/p>\n","protected":false},"author":4,"featured_media":124731,"comment_status":"closed","ping_status":"closed","sticky":false,"template":"","format":"standard","meta":{"om_disable_all_campaigns":false,"_jetpack_memberships_contains_paid_content":false,"footnotes":""},"categories":[2,103],"tags":[197,696,33,19],"class_list":["post-124730","post","type-post","status-publish","format-standard","has-post-thumbnail","hentry","category-locales","category-policiales-locales","tag-buenos-aires","tag-interes-general","tag-locales","tag-san-pedro"],"aioseo_notices":[],"gutentor_comment":0,"jetpack_featured_media_url":"https:\/\/eldiariodesanpedro.com.ar\/sitio\/wp-content\/uploads\/2023\/12\/Robo-de-citricos-.jpg","jetpack_shortlink":"https:\/\/wp.me\/p6RhLt-wrM","jetpack_sharing_enabled":true,"_links":{"self":[{"href":"https:\/\/eldiariodesanpedro.com.ar\/sitio\/wp-json\/wp\/v2\/posts\/124730","targetHints":{"allow":["GET"]}}],"collection":[{"href":"https:\/\/eldiariodesanpedro.com.ar\/sitio\/wp-json\/wp\/v2\/posts"}],"about":[{"href":"https:\/\/eldiariodesanpedro.com.ar\/sitio\/wp-json\/wp\/v2\/types\/post"}],"author":[{"embeddable":true,"href":"https:\/\/eldiariodesanpedro.com.ar\/sitio\/wp-json\/wp\/v2\/users\/4"}],"replies":[{"embeddable":true,"href":"https:\/\/eldiariodesanpedro.com.ar\/sitio\/wp-json\/wp\/v2\/comments?post=124730"}],"version-history":[{"count":1,"href":"https:\/\/eldiariodesanpedro.com.ar\/sitio\/wp-json\/wp\/v2\/posts\/124730\/revisions"}],"predecessor-version":[{"id":124732,"href":"https:\/\/eldiariodesanpedro.com.ar\/sitio\/wp-json\/wp\/v2\/posts\/124730\/revisions\/124732"}],"wp:featuredmedia":[{"embeddable":true,"href":"https:\/\/eldiariodesanpedro.com.ar\/sitio\/wp-json\/wp\/v2\/media\/124731"}],"wp:attachment":[{"href":"https:\/\/eldiariodesanpedro.com.ar\/sitio\/wp-json\/wp\/v2\/media?parent=124730"}],"wp:term":[{"taxonomy":"category","embeddable":true,"href":"https:\/\/eldiariodesanpedro.com.ar\/sitio\/wp-json\/wp\/v2\/categories?post=124730"},{"taxonomy":"post_tag","embeddable":true,"href":"https:\/\/eldiariodesanpedro.com.ar\/sitio\/wp-json\/wp\/v2\/tags?post=124730"}],"curies":[{"name":"wp","href":"https:\/\/api.w.org\/{rel}","templated":true}]}}