{"id":124722,"date":"2023-12-20T19:53:10","date_gmt":"2023-12-20T22:53:10","guid":{"rendered":"https:\/\/eldiariodesanpedro.com.ar\/sitio\/?p=124722"},"modified":"2023-12-20T19:53:12","modified_gmt":"2023-12-20T22:53:12","slug":"diego-bennazar-es-el-nuevo-presidente-de-la-cruz-roja","status":"publish","type":"post","link":"https:\/\/eldiariodesanpedro.com.ar\/sitio\/diego-bennazar-es-el-nuevo-presidente-de-la-cruz-roja\/","title":{"rendered":"Diego Bennazar es el nuevo presidente de la Cruz Roja"},"content":{"rendered":"<!-- VideographyWP Plugin Message: Automatic video embedding prevented by plugin options. -->\n\n<p>El s\u00e1bado 16 se llev\u00f3 a cabo el traspaso de autoridades de la Cruz Roja, Seccional San Pedro. La ceremonia de asunci\u00f3n de la nueva comisi\u00f3n directiva, con un mandato de cuatro a\u00f1os, tuvo lugar en la sede de Hip\u00f3lito Yrigoyen 255. La conducci\u00f3n de este proceso estuvo a cargo del interventor designado por la Cruz Roja Nacional.<\/p>\n\n\n\n<p>El profesor Diego Juan Bennazar asumir\u00e1 como presidente, acompa\u00f1ado por el Dr. Germ\u00e1n Ignacio Gurmindo como vicepresidente. En los pr\u00f3ximos d\u00edas, se activar\u00e1 la asociaci\u00f3n, se iniciar\u00e1 el reacondicionamiento del edificio y se conformar\u00e1 un \u00f3rgano de gesti\u00f3n.<\/p>\n\n\n\n<p>Las nuevas autoridades invitan a los interesados en formar parte activa de la entidad, ya sea como voluntarios o asociados. Para ello, pueden acercarse a la sede o ponerse en contacto con algunos de los integrantes de la comisi\u00f3n.<\/p>\n\n\n\n<p>La composici\u00f3n de la nueva comisi\u00f3n es la siguiente:<\/p>\n\n\n\n<ul class=\"wp-block-list\">\n<li>Presidente: Diego Juan Bennazar<\/li>\n\n\n\n<li>Vicepresidente: Germ\u00e1n Ignacio Gurmindo<\/li>\n\n\n\n<li>Vocales Titulares: Daniel Enrique Sanchez, Natalia Lujan Claverini, Pedro Fernando Anarillo, Jaquelina Gisela Primoletti<\/li>\n\n\n\n<li>Vocales Suplentes: Juan Pablo Ernesto Palacio, Oscar Enrique Narvaez<\/li>\n\n\n\n<li>\u00d3rgano de Fiscalizaci\u00f3n Titulares: Carlos Alberto Elvira, Liliana Zulema Savio, Alberto Rodolfo Velos<\/li>\n<\/ul>\n","protected":false},"excerpt":{"rendered":"<p>El s\u00e1bado 16 se llev\u00f3 a cabo el traspaso de autoridades de la Cruz Roja, Seccional San Pedro. La ceremonia de asunci\u00f3n de la nueva comisi\u00f3n directiva, con un mandato de cuatro a\u00f1os, tuvo lugar en la sede de Hip\u00f3lito Yrigoyen 255. La conducci\u00f3n de este proceso estuvo a cargo del interventor designado por la [&hellip;]<\/p>\n","protected":false},"author":4,"featured_media":124723,"comment_status":"closed","ping_status":"closed","sticky":false,"template":"","format":"standard","meta":{"om_disable_all_campaigns":false,"_jetpack_memberships_contains_paid_content":false,"footnotes":""},"categories":[50,101,2],"tags":[197,696,33,19],"class_list":["post-124722","post","type-post","status-publish","format-standard","has-post-thumbnail","hentry","category-destacadas","category-interes-general-locales","category-locales","tag-buenos-aires","tag-interes-general","tag-locales","tag-san-pedro"],"aioseo_notices":[],"gutentor_comment":0,"jetpack_featured_media_url":"https:\/\/eldiariodesanpedro.com.ar\/sitio\/wp-content\/uploads\/2023\/12\/Bennazar-1.jpg","jetpack_shortlink":"https:\/\/wp.me\/p6RhLt-wrE","jetpack_sharing_enabled":true,"_links":{"self":[{"href":"https:\/\/eldiariodesanpedro.com.ar\/sitio\/wp-json\/wp\/v2\/posts\/124722","targetHints":{"allow":["GET"]}}],"collection":[{"href":"https:\/\/eldiariodesanpedro.com.ar\/sitio\/wp-json\/wp\/v2\/posts"}],"about":[{"href":"https:\/\/eldiariodesanpedro.com.ar\/sitio\/wp-json\/wp\/v2\/types\/post"}],"author":[{"embeddable":true,"href":"https:\/\/eldiariodesanpedro.com.ar\/sitio\/wp-json\/wp\/v2\/users\/4"}],"replies":[{"embeddable":true,"href":"https:\/\/eldiariodesanpedro.com.ar\/sitio\/wp-json\/wp\/v2\/comments?post=124722"}],"version-history":[{"count":1,"href":"https:\/\/eldiariodesanpedro.com.ar\/sitio\/wp-json\/wp\/v2\/posts\/124722\/revisions"}],"predecessor-version":[{"id":124724,"href":"https:\/\/eldiariodesanpedro.com.ar\/sitio\/wp-json\/wp\/v2\/posts\/124722\/revisions\/124724"}],"wp:featuredmedia":[{"embeddable":true,"href":"https:\/\/eldiariodesanpedro.com.ar\/sitio\/wp-json\/wp\/v2\/media\/124723"}],"wp:attachment":[{"href":"https:\/\/eldiariodesanpedro.com.ar\/sitio\/wp-json\/wp\/v2\/media?parent=124722"}],"wp:term":[{"taxonomy":"category","embeddable":true,"href":"https:\/\/eldiariodesanpedro.com.ar\/sitio\/wp-json\/wp\/v2\/categories?post=124722"},{"taxonomy":"post_tag","embeddable":true,"href":"https:\/\/eldiariodesanpedro.com.ar\/sitio\/wp-json\/wp\/v2\/tags?post=124722"}],"curies":[{"name":"wp","href":"https:\/\/api.w.org\/{rel}","templated":true}]}}