{"id":124719,"date":"2023-12-20T19:41:05","date_gmt":"2023-12-20T22:41:05","guid":{"rendered":"https:\/\/eldiariodesanpedro.com.ar\/sitio\/?p=124719"},"modified":"2023-12-20T19:41:07","modified_gmt":"2023-12-20T22:41:07","slug":"concejo-deliberante-acuerda-nombres-para-calles-en-barrio-brisas-del-parana","status":"publish","type":"post","link":"https:\/\/eldiariodesanpedro.com.ar\/sitio\/concejo-deliberante-acuerda-nombres-para-calles-en-barrio-brisas-del-parana\/","title":{"rendered":"Concejo Deliberante Acuerda Nombres para Calles en Barrio Brisas del Paran\u00e1"},"content":{"rendered":"<!-- VideographyWP Plugin Message: Automatic video embedding prevented by plugin options. -->\n\n<p>En respuesta a la solicitud presentada por los residentes del barrio \u00abBrisas del Paran\u00e1\u00bb para asignar nombres a sus calles, el Concejo Deliberante ha llegado a un acuerdo. La imposici\u00f3n de nombres a las calles facilitar\u00e1 el acceso a servicios para los residentes del barrio y mejorar\u00e1 la localizaci\u00f3n en mapas y dispositivos tecnol\u00f3gicos.<\/p>\n\n\n\n<p>Tras la negociaci\u00f3n entre las partes, se acord\u00f3 que las dos calles internas del barrio, accesibles desde Juan B. Justo al 2.200, se denominar\u00e1n \u00ab10 de Diciembre\u00bb y \u00abSoberan\u00eda Nacional\u00bb. El primero conmemora la restauraci\u00f3n del sistema democr\u00e1tico en Argentina, marcando el aniversario de la asunci\u00f3n del Dr. Ra\u00fal Alfons\u00edn como Presidente de la Naci\u00f3n. A 40 a\u00f1os de este evento, los concejales subrayan su compromiso con la Democracia.<\/p>\n\n\n\n<p>La otra v\u00eda ser\u00e1 conocida como \u00abSoberan\u00eda Nacional\u00bb. El 20 de Noviembre, los argentinos recuerdan el D\u00eda de la Soberan\u00eda en conmemoraci\u00f3n a la Batalla de Vuelta de Obligado en 1845, donde las tropas de la Confederaci\u00f3n Argentina se enfrentaron a los invasores anglofranceses.<\/p>\n","protected":false},"excerpt":{"rendered":"<p>En respuesta a la solicitud presentada por los residentes del barrio \u00abBrisas del Paran\u00e1\u00bb para asignar nombres a sus calles, el Concejo Deliberante ha llegado a un acuerdo. La imposici\u00f3n de nombres a las calles facilitar\u00e1 el acceso a servicios para los residentes del barrio y mejorar\u00e1 la localizaci\u00f3n en mapas y dispositivos tecnol\u00f3gicos. Tras [&hellip;]<\/p>\n","protected":false},"author":4,"featured_media":124720,"comment_status":"closed","ping_status":"closed","sticky":false,"template":"","format":"standard","meta":{"om_disable_all_campaigns":false,"_jetpack_memberships_contains_paid_content":false,"footnotes":""},"categories":[101,2],"tags":[197,696,33,19],"class_list":["post-124719","post","type-post","status-publish","format-standard","has-post-thumbnail","hentry","category-interes-general-locales","category-locales","tag-buenos-aires","tag-interes-general","tag-locales","tag-san-pedro"],"aioseo_notices":[],"gutentor_comment":0,"jetpack_featured_media_url":"https:\/\/eldiariodesanpedro.com.ar\/sitio\/wp-content\/uploads\/2023\/12\/BRISAS-DEL-PARANA.jpg","jetpack_shortlink":"https:\/\/wp.me\/p6RhLt-wrB","jetpack_sharing_enabled":true,"_links":{"self":[{"href":"https:\/\/eldiariodesanpedro.com.ar\/sitio\/wp-json\/wp\/v2\/posts\/124719","targetHints":{"allow":["GET"]}}],"collection":[{"href":"https:\/\/eldiariodesanpedro.com.ar\/sitio\/wp-json\/wp\/v2\/posts"}],"about":[{"href":"https:\/\/eldiariodesanpedro.com.ar\/sitio\/wp-json\/wp\/v2\/types\/post"}],"author":[{"embeddable":true,"href":"https:\/\/eldiariodesanpedro.com.ar\/sitio\/wp-json\/wp\/v2\/users\/4"}],"replies":[{"embeddable":true,"href":"https:\/\/eldiariodesanpedro.com.ar\/sitio\/wp-json\/wp\/v2\/comments?post=124719"}],"version-history":[{"count":1,"href":"https:\/\/eldiariodesanpedro.com.ar\/sitio\/wp-json\/wp\/v2\/posts\/124719\/revisions"}],"predecessor-version":[{"id":124721,"href":"https:\/\/eldiariodesanpedro.com.ar\/sitio\/wp-json\/wp\/v2\/posts\/124719\/revisions\/124721"}],"wp:featuredmedia":[{"embeddable":true,"href":"https:\/\/eldiariodesanpedro.com.ar\/sitio\/wp-json\/wp\/v2\/media\/124720"}],"wp:attachment":[{"href":"https:\/\/eldiariodesanpedro.com.ar\/sitio\/wp-json\/wp\/v2\/media?parent=124719"}],"wp:term":[{"taxonomy":"category","embeddable":true,"href":"https:\/\/eldiariodesanpedro.com.ar\/sitio\/wp-json\/wp\/v2\/categories?post=124719"},{"taxonomy":"post_tag","embeddable":true,"href":"https:\/\/eldiariodesanpedro.com.ar\/sitio\/wp-json\/wp\/v2\/tags?post=124719"}],"curies":[{"name":"wp","href":"https:\/\/api.w.org\/{rel}","templated":true}]}}