{"id":124716,"date":"2023-12-20T19:29:18","date_gmt":"2023-12-20T22:29:18","guid":{"rendered":"https:\/\/eldiariodesanpedro.com.ar\/sitio\/?p=124716"},"modified":"2023-12-20T19:29:20","modified_gmt":"2023-12-20T22:29:20","slug":"representantes-sindicales-de-san-pedro-buscan-soluciones-para-mejorar-la-situacion-de-trabajadores-municipales","status":"publish","type":"post","link":"https:\/\/eldiariodesanpedro.com.ar\/sitio\/representantes-sindicales-de-san-pedro-buscan-soluciones-para-mejorar-la-situacion-de-trabajadores-municipales\/","title":{"rendered":"Representantes Sindicales de San Pedro Buscan Soluciones para Mejorar la Situaci\u00f3n de Trabajadores Municipales"},"content":{"rendered":"<!-- VideographyWP Plugin Message: Automatic video embedding prevented by plugin options. -->\n\n<p>Representantes de organizaciones sindicales municipales de San Pedro se reunieron el martes para abordar conjuntamente la cr\u00edtica situaci\u00f3n de los trabajadores municipales. Participaron representantes de UPCN, CICOP, STM y ATE. En un comunicado de prensa difundido esta tarde, destacan el compromiso de trabajar en forma conjunta para defender a los trabajadores dependientes de la Municipalidad de San Pedro y sus familias, buscando medidas que mejoren su calidad de vida y reivindiquen sus derechos en medio de un contexto econ\u00f3mico adverso.<\/p>\n\n\n\n<p>Aunque algunas asociaciones tienen canales de comunicaci\u00f3n fluidos con el Departamento Ejecutivo, resaltan el compromiso de todas las organizaciones para fortalecer estos canales a trav\u00e9s del di\u00e1logo, buscando soluciones acordes a las necesidades planteadas y al complejo contexto socioecon\u00f3mico. En los pr\u00f3ximos d\u00edas, se llevar\u00e1n a cabo nuevas reuniones con el objetivo de elaborar propuestas espec\u00edficas que aborden integralmente la dif\u00edcil coyuntura econ\u00f3mica que afecta a los trabajadores municipales.<\/p>\n\n\n\n<p>Adem\u00e1s, hacen un llamado a la comunidad para informarse y solidarizarse con los trabajadores municipales, reconociendo su valioso aporte y rol esencial en la comunidad.<\/p>\n","protected":false},"excerpt":{"rendered":"<p>Representantes de organizaciones sindicales municipales de San Pedro se reunieron el martes para abordar conjuntamente la cr\u00edtica situaci\u00f3n de los trabajadores municipales. Participaron representantes de UPCN, CICOP, STM y ATE. En un comunicado de prensa difundido esta tarde, destacan el compromiso de trabajar en forma conjunta para defender a los trabajadores dependientes de la Municipalidad [&hellip;]<\/p>\n","protected":false},"author":4,"featured_media":124717,"comment_status":"closed","ping_status":"closed","sticky":false,"template":"","format":"standard","meta":{"om_disable_all_campaigns":false,"_jetpack_memberships_contains_paid_content":false,"footnotes":""},"categories":[101,2],"tags":[197,696,33,19],"class_list":["post-124716","post","type-post","status-publish","format-standard","has-post-thumbnail","hentry","category-interes-general-locales","category-locales","tag-buenos-aires","tag-interes-general","tag-locales","tag-san-pedro"],"aioseo_notices":[],"gutentor_comment":0,"jetpack_featured_media_url":"https:\/\/eldiariodesanpedro.com.ar\/sitio\/wp-content\/uploads\/2023\/12\/gremios-municipales.jpg","jetpack_shortlink":"https:\/\/wp.me\/p6RhLt-wry","jetpack_sharing_enabled":true,"_links":{"self":[{"href":"https:\/\/eldiariodesanpedro.com.ar\/sitio\/wp-json\/wp\/v2\/posts\/124716","targetHints":{"allow":["GET"]}}],"collection":[{"href":"https:\/\/eldiariodesanpedro.com.ar\/sitio\/wp-json\/wp\/v2\/posts"}],"about":[{"href":"https:\/\/eldiariodesanpedro.com.ar\/sitio\/wp-json\/wp\/v2\/types\/post"}],"author":[{"embeddable":true,"href":"https:\/\/eldiariodesanpedro.com.ar\/sitio\/wp-json\/wp\/v2\/users\/4"}],"replies":[{"embeddable":true,"href":"https:\/\/eldiariodesanpedro.com.ar\/sitio\/wp-json\/wp\/v2\/comments?post=124716"}],"version-history":[{"count":1,"href":"https:\/\/eldiariodesanpedro.com.ar\/sitio\/wp-json\/wp\/v2\/posts\/124716\/revisions"}],"predecessor-version":[{"id":124718,"href":"https:\/\/eldiariodesanpedro.com.ar\/sitio\/wp-json\/wp\/v2\/posts\/124716\/revisions\/124718"}],"wp:featuredmedia":[{"embeddable":true,"href":"https:\/\/eldiariodesanpedro.com.ar\/sitio\/wp-json\/wp\/v2\/media\/124717"}],"wp:attachment":[{"href":"https:\/\/eldiariodesanpedro.com.ar\/sitio\/wp-json\/wp\/v2\/media?parent=124716"}],"wp:term":[{"taxonomy":"category","embeddable":true,"href":"https:\/\/eldiariodesanpedro.com.ar\/sitio\/wp-json\/wp\/v2\/categories?post=124716"},{"taxonomy":"post_tag","embeddable":true,"href":"https:\/\/eldiariodesanpedro.com.ar\/sitio\/wp-json\/wp\/v2\/tags?post=124716"}],"curies":[{"name":"wp","href":"https:\/\/api.w.org\/{rel}","templated":true}]}}