{"id":124713,"date":"2023-12-20T11:51:45","date_gmt":"2023-12-20T14:51:45","guid":{"rendered":"https:\/\/eldiariodesanpedro.com.ar\/sitio\/?p=124713"},"modified":"2023-12-20T11:51:48","modified_gmt":"2023-12-20T14:51:48","slug":"caso-lopes-garcia-cuatro-anos-y-ocho-meses-de-condena-para-los-policias-acusados-de-provocar-su-muerte","status":"publish","type":"post","link":"https:\/\/eldiariodesanpedro.com.ar\/sitio\/caso-lopes-garcia-cuatro-anos-y-ocho-meses-de-condena-para-los-policias-acusados-de-provocar-su-muerte\/","title":{"rendered":"Caso L\u00f3pes Garc\u00eda: Cuatro a\u00f1os y ocho meses de condena para los polic\u00edas acusados de provocar su muerte"},"content":{"rendered":"<!-- VideographyWP Plugin Message: Automatic video embedding prevented by plugin options. -->\n\n<p>Los funcionarios Rodrigo Vel\u00e1zquez y Emanuel Gonz\u00e1lez, que fueron encontrados responsables de la muerte de Germ\u00e1n L\u00f3pes Garc\u00eda. Hasta que la pena no quede firme no ir\u00e1n a prisi\u00f3n.<\/p>\n\n\n\n<p>Durante la jornada del martes se conoci\u00f3 el veredicto final en relaci\u00f3n a la muerte de Germ\u00e1n L\u00f3pes Garc\u00eda. Tras el juicio de cesura realizado d\u00edas atr\u00e1s y donde cada una de las partes hab\u00eda expuesto su posici\u00f3n el jurado inform\u00f3 lo resuelto y hall\u00f3 responsables de lo sucedido a los polic\u00edas Rodrigo Vel\u00e1zquez y Emanuel Gonz\u00e1lez.<\/p>\n\n\n\n<p>En total fueron condenados a cuatro a\u00f1os y ocho meses de prisi\u00f3n por el delito de homicidio en exceso de cumplimiento del deber, figura que la defensa de los imputados, a cargo del estudio Lima, hab\u00eda solicitado durante el juicio por jurados realizado el mes pasado.<\/p>\n\n\n\n<p>Es de destacar que mientras la condena no est\u00e9 firme ambos polic\u00edas no ir\u00e1n a prisi\u00f3n. Mientras tanto, o\u00edr el t\u00e9rmino de 10 a\u00f1os, no podr\u00e1n ejercer cargos p\u00fablicos.<\/p>\n","protected":false},"excerpt":{"rendered":"<p>Los funcionarios Rodrigo Vel\u00e1zquez y Emanuel Gonz\u00e1lez, que fueron encontrados responsables de la muerte de Germ\u00e1n L\u00f3pes Garc\u00eda. Hasta que la pena no quede firme no ir\u00e1n a prisi\u00f3n. Durante la jornada del martes se conoci\u00f3 el veredicto final en relaci\u00f3n a la muerte de Germ\u00e1n L\u00f3pes Garc\u00eda. Tras el juicio de cesura realizado d\u00edas [&hellip;]<\/p>\n","protected":false},"author":4,"featured_media":124714,"comment_status":"closed","ping_status":"closed","sticky":false,"template":"","format":"standard","meta":{"om_disable_all_campaigns":false,"_jetpack_memberships_contains_paid_content":false,"footnotes":""},"categories":[50,101,2],"tags":[197,696,33,19],"class_list":["post-124713","post","type-post","status-publish","format-standard","has-post-thumbnail","hentry","category-destacadas","category-interes-general-locales","category-locales","tag-buenos-aires","tag-interes-general","tag-locales","tag-san-pedro"],"aioseo_notices":[],"gutentor_comment":0,"jetpack_featured_media_url":"https:\/\/eldiariodesanpedro.com.ar\/sitio\/wp-content\/uploads\/2023\/12\/0000022396-resized-1920x1080-1.jpg","jetpack_shortlink":"https:\/\/wp.me\/p6RhLt-wrv","jetpack_sharing_enabled":true,"_links":{"self":[{"href":"https:\/\/eldiariodesanpedro.com.ar\/sitio\/wp-json\/wp\/v2\/posts\/124713","targetHints":{"allow":["GET"]}}],"collection":[{"href":"https:\/\/eldiariodesanpedro.com.ar\/sitio\/wp-json\/wp\/v2\/posts"}],"about":[{"href":"https:\/\/eldiariodesanpedro.com.ar\/sitio\/wp-json\/wp\/v2\/types\/post"}],"author":[{"embeddable":true,"href":"https:\/\/eldiariodesanpedro.com.ar\/sitio\/wp-json\/wp\/v2\/users\/4"}],"replies":[{"embeddable":true,"href":"https:\/\/eldiariodesanpedro.com.ar\/sitio\/wp-json\/wp\/v2\/comments?post=124713"}],"version-history":[{"count":1,"href":"https:\/\/eldiariodesanpedro.com.ar\/sitio\/wp-json\/wp\/v2\/posts\/124713\/revisions"}],"predecessor-version":[{"id":124715,"href":"https:\/\/eldiariodesanpedro.com.ar\/sitio\/wp-json\/wp\/v2\/posts\/124713\/revisions\/124715"}],"wp:featuredmedia":[{"embeddable":true,"href":"https:\/\/eldiariodesanpedro.com.ar\/sitio\/wp-json\/wp\/v2\/media\/124714"}],"wp:attachment":[{"href":"https:\/\/eldiariodesanpedro.com.ar\/sitio\/wp-json\/wp\/v2\/media?parent=124713"}],"wp:term":[{"taxonomy":"category","embeddable":true,"href":"https:\/\/eldiariodesanpedro.com.ar\/sitio\/wp-json\/wp\/v2\/categories?post=124713"},{"taxonomy":"post_tag","embeddable":true,"href":"https:\/\/eldiariodesanpedro.com.ar\/sitio\/wp-json\/wp\/v2\/tags?post=124713"}],"curies":[{"name":"wp","href":"https:\/\/api.w.org\/{rel}","templated":true}]}}