{"id":124706,"date":"2023-12-20T10:35:26","date_gmt":"2023-12-20T13:35:26","guid":{"rendered":"https:\/\/eldiariodesanpedro.com.ar\/sitio\/?p=124706"},"modified":"2023-12-20T10:35:28","modified_gmt":"2023-12-20T13:35:28","slug":"pesebre-viviente-en-el-centro-cultural-abelardo-castillo","status":"publish","type":"post","link":"https:\/\/eldiariodesanpedro.com.ar\/sitio\/pesebre-viviente-en-el-centro-cultural-abelardo-castillo\/","title":{"rendered":"Pesebre Viviente en el Centro Cultural Abelardo Castillo"},"content":{"rendered":"<!-- VideographyWP Plugin Message: Automatic video embedding prevented by plugin options. -->\n\n<p>El Centro Carism\u00e1tico Cristo Rey y la Iglesia Jesucristo es la Respuesta invitan a la celebraci\u00f3n del Pesebre Viviente que con el auspicio de la Municipalidad de San Pedro se realizar\u00e1 este jueves 21 de diciembre a las 20 horas en el Centro Cultural Abelardo Castillo, 25 de mayo 848.<\/p>\n\n\n\n<p>Se invita a toda la comunidad a acompa\u00f1ar este encuentro de fe en v\u00edsperas de Nochebuena y Navidad, con entrada libre y gratuita.<\/p>\n\n\n\n<figure class=\"wp-block-image size-full\"><img decoding=\"async\" width=\"354\" height=\"630\" data-attachment-id=\"124708\" data-permalink=\"https:\/\/eldiariodesanpedro.com.ar\/sitio\/pesebre-viviente-en-el-centro-cultural-abelardo-castillo\/imagen-de-whatsapp-2023-12-20-a-las-08-23-13_bf1c8d06\/\" data-orig-file=\"https:\/\/eldiariodesanpedro.com.ar\/sitio\/wp-content\/uploads\/2023\/12\/Imagen-de-WhatsApp-2023-12-20-a-las-08.23.13_bf1c8d06.jpg\" data-orig-size=\"354,630\" data-comments-opened=\"0\" data-image-meta=\"{&quot;aperture&quot;:&quot;0&quot;,&quot;credit&quot;:&quot;&quot;,&quot;camera&quot;:&quot;&quot;,&quot;caption&quot;:&quot;&quot;,&quot;created_timestamp&quot;:&quot;0&quot;,&quot;copyright&quot;:&quot;&quot;,&quot;focal_length&quot;:&quot;0&quot;,&quot;iso&quot;:&quot;0&quot;,&quot;shutter_speed&quot;:&quot;0&quot;,&quot;title&quot;:&quot;&quot;,&quot;orientation&quot;:&quot;0&quot;}\" data-image-title=\"Imagen-de-WhatsApp-2023-12-20-a-las-08.23.13_bf1c8d06\" data-image-description=\"\" data-image-caption=\"\" data-large-file=\"https:\/\/eldiariodesanpedro.com.ar\/sitio\/wp-content\/uploads\/2023\/12\/Imagen-de-WhatsApp-2023-12-20-a-las-08.23.13_bf1c8d06.jpg\" data-src=\"https:\/\/eldiariodesanpedro.com.ar\/sitio\/wp-content\/uploads\/2023\/12\/Imagen-de-WhatsApp-2023-12-20-a-las-08.23.13_bf1c8d06.jpg\" alt=\"\" class=\"wp-image-124708 lazyload\" data-srcset=\"https:\/\/eldiariodesanpedro.com.ar\/sitio\/wp-content\/uploads\/2023\/12\/Imagen-de-WhatsApp-2023-12-20-a-las-08.23.13_bf1c8d06.jpg 354w, https:\/\/eldiariodesanpedro.com.ar\/sitio\/wp-content\/uploads\/2023\/12\/Imagen-de-WhatsApp-2023-12-20-a-las-08.23.13_bf1c8d06-169x300.jpg 169w\" data-sizes=\"(max-width: 354px) 100vw, 354px\" src=\"data:image\/svg+xml;base64,PHN2ZyB3aWR0aD0iMSIgaGVpZ2h0PSIxIiB4bWxucz0iaHR0cDovL3d3dy53My5vcmcvMjAwMC9zdmciPjwvc3ZnPg==\" style=\"--smush-placeholder-width: 354px; --smush-placeholder-aspect-ratio: 354\/630;\" \/><\/figure>\n","protected":false},"excerpt":{"rendered":"<p>El Centro Carism\u00e1tico Cristo Rey y la Iglesia Jesucristo es la Respuesta invitan a la celebraci\u00f3n del Pesebre Viviente que con el auspicio de la Municipalidad de San Pedro se realizar\u00e1 este jueves 21 de diciembre a las 20 horas en el Centro Cultural Abelardo Castillo, 25 de mayo 848. Se invita a toda la [&hellip;]<\/p>\n","protected":false},"author":4,"featured_media":124707,"comment_status":"closed","ping_status":"closed","sticky":false,"template":"","format":"standard","meta":{"om_disable_all_campaigns":false,"_jetpack_memberships_contains_paid_content":false,"footnotes":""},"categories":[101,2],"tags":[],"class_list":["post-124706","post","type-post","status-publish","format-standard","has-post-thumbnail","hentry","category-interes-general-locales","category-locales"],"aioseo_notices":[],"gutentor_comment":0,"jetpack_featured_media_url":"https:\/\/eldiariodesanpedro.com.ar\/sitio\/wp-content\/uploads\/2023\/12\/0000522214.jpg","jetpack_shortlink":"https:\/\/wp.me\/p6RhLt-wro","jetpack_sharing_enabled":true,"_links":{"self":[{"href":"https:\/\/eldiariodesanpedro.com.ar\/sitio\/wp-json\/wp\/v2\/posts\/124706","targetHints":{"allow":["GET"]}}],"collection":[{"href":"https:\/\/eldiariodesanpedro.com.ar\/sitio\/wp-json\/wp\/v2\/posts"}],"about":[{"href":"https:\/\/eldiariodesanpedro.com.ar\/sitio\/wp-json\/wp\/v2\/types\/post"}],"author":[{"embeddable":true,"href":"https:\/\/eldiariodesanpedro.com.ar\/sitio\/wp-json\/wp\/v2\/users\/4"}],"replies":[{"embeddable":true,"href":"https:\/\/eldiariodesanpedro.com.ar\/sitio\/wp-json\/wp\/v2\/comments?post=124706"}],"version-history":[{"count":1,"href":"https:\/\/eldiariodesanpedro.com.ar\/sitio\/wp-json\/wp\/v2\/posts\/124706\/revisions"}],"predecessor-version":[{"id":124709,"href":"https:\/\/eldiariodesanpedro.com.ar\/sitio\/wp-json\/wp\/v2\/posts\/124706\/revisions\/124709"}],"wp:featuredmedia":[{"embeddable":true,"href":"https:\/\/eldiariodesanpedro.com.ar\/sitio\/wp-json\/wp\/v2\/media\/124707"}],"wp:attachment":[{"href":"https:\/\/eldiariodesanpedro.com.ar\/sitio\/wp-json\/wp\/v2\/media?parent=124706"}],"wp:term":[{"taxonomy":"category","embeddable":true,"href":"https:\/\/eldiariodesanpedro.com.ar\/sitio\/wp-json\/wp\/v2\/categories?post=124706"},{"taxonomy":"post_tag","embeddable":true,"href":"https:\/\/eldiariodesanpedro.com.ar\/sitio\/wp-json\/wp\/v2\/tags?post=124706"}],"curies":[{"name":"wp","href":"https:\/\/api.w.org\/{rel}","templated":true}]}}