{"id":124703,"date":"2023-12-20T10:28:03","date_gmt":"2023-12-20T13:28:03","guid":{"rendered":"https:\/\/eldiariodesanpedro.com.ar\/sitio\/?p=124703"},"modified":"2023-12-20T10:28:04","modified_gmt":"2023-12-20T13:28:04","slug":"acto-por-los-202o-anos-de-la-policia-de-la-provincia-de-buenos-aires","status":"publish","type":"post","link":"https:\/\/eldiariodesanpedro.com.ar\/sitio\/acto-por-los-202o-anos-de-la-policia-de-la-provincia-de-buenos-aires\/","title":{"rendered":"Acto por los 202\u00ba a\u00f1os de la Polic\u00eda de la Provincia de Buenos Aires"},"content":{"rendered":"<!-- VideographyWP Plugin Message: Automatic video embedding prevented by plugin options. -->\n\n<p>La Jefatura de Polic\u00eda Comunal de San Pedro organiz\u00f3 esta tarde el acto por el 202\u00ba aniversario de la creaci\u00f3n de la Polic\u00eda de la Provincia de Buenos Aires.<\/p>\n\n\n\n<p>El Secretario de Gobierno Mart\u00edn Baraybar y el Coordinador de Polic\u00edas de la Municipalidad de San Pedro Comisario Jos\u00e9 Luis Salas participaron en representaci\u00f3n del Intendente Cecilio Salazar y compartieron el encuentro con el Jefe Distrital Comisario Inspector Germ\u00e1n Pahuasi y la Jefa de la Comisar\u00eda de San Pedro Comisario Valeria Sosa.<\/p>\n\n\n\n<p>Durante la reuni\u00f3n se entregaron reconocimientos a efectivos de las diferentes fuerzas que dependen de la Polic\u00eda de la Provincia de\u00a0Buenos\u00a0Aires.<\/p>\n\n\n\n<iframe data-src=\"https:\/\/www.facebook.com\/plugins\/post.php?href=https%3A%2F%2Fwww.facebook.com%2Fpermalink.php%3Fstory_fbid%3Dpfbid02tjbwDVL55b1yAVhmRDjCtjZWkTFkW6ZcwengzyCWNpSyNMM57oBS1qSQhH9Mk1uPl%26id%3D100071715466562&#038;show_text=true&#038;width=500\" width=\"500\" height=\"652\" style=\"border:none;overflow:hidden\" scrolling=\"no\" frameborder=\"0\" allowfullscreen=\"true\" allow=\"autoplay; clipboard-write; encrypted-media; picture-in-picture; web-share\" src=\"data:image\/svg+xml;base64,PHN2ZyB3aWR0aD0iMSIgaGVpZ2h0PSIxIiB4bWxucz0iaHR0cDovL3d3dy53My5vcmcvMjAwMC9zdmciPjwvc3ZnPg==\" class=\"lazyload\" data-load-mode=\"1\"><\/iframe>\n","protected":false},"excerpt":{"rendered":"<p>La Jefatura de Polic\u00eda Comunal de San Pedro organiz\u00f3 esta tarde el acto por el 202\u00ba aniversario de la creaci\u00f3n de la Polic\u00eda de la Provincia de Buenos Aires. El Secretario de Gobierno Mart\u00edn Baraybar y el Coordinador de Polic\u00edas de la Municipalidad de San Pedro Comisario Jos\u00e9 Luis Salas participaron en representaci\u00f3n del Intendente [&hellip;]<\/p>\n","protected":false},"author":4,"featured_media":124704,"comment_status":"closed","ping_status":"closed","sticky":false,"template":"","format":"standard","meta":{"om_disable_all_campaigns":false,"_jetpack_memberships_contains_paid_content":false,"footnotes":""},"categories":[50,101,2],"tags":[],"class_list":["post-124703","post","type-post","status-publish","format-standard","has-post-thumbnail","hentry","category-destacadas","category-interes-general-locales","category-locales"],"aioseo_notices":[],"gutentor_comment":0,"jetpack_featured_media_url":"https:\/\/eldiariodesanpedro.com.ar\/sitio\/wp-content\/uploads\/2023\/12\/DSC_0241.jpg","jetpack_shortlink":"https:\/\/wp.me\/p6RhLt-wrl","jetpack_sharing_enabled":true,"_links":{"self":[{"href":"https:\/\/eldiariodesanpedro.com.ar\/sitio\/wp-json\/wp\/v2\/posts\/124703","targetHints":{"allow":["GET"]}}],"collection":[{"href":"https:\/\/eldiariodesanpedro.com.ar\/sitio\/wp-json\/wp\/v2\/posts"}],"about":[{"href":"https:\/\/eldiariodesanpedro.com.ar\/sitio\/wp-json\/wp\/v2\/types\/post"}],"author":[{"embeddable":true,"href":"https:\/\/eldiariodesanpedro.com.ar\/sitio\/wp-json\/wp\/v2\/users\/4"}],"replies":[{"embeddable":true,"href":"https:\/\/eldiariodesanpedro.com.ar\/sitio\/wp-json\/wp\/v2\/comments?post=124703"}],"version-history":[{"count":1,"href":"https:\/\/eldiariodesanpedro.com.ar\/sitio\/wp-json\/wp\/v2\/posts\/124703\/revisions"}],"predecessor-version":[{"id":124705,"href":"https:\/\/eldiariodesanpedro.com.ar\/sitio\/wp-json\/wp\/v2\/posts\/124703\/revisions\/124705"}],"wp:featuredmedia":[{"embeddable":true,"href":"https:\/\/eldiariodesanpedro.com.ar\/sitio\/wp-json\/wp\/v2\/media\/124704"}],"wp:attachment":[{"href":"https:\/\/eldiariodesanpedro.com.ar\/sitio\/wp-json\/wp\/v2\/media?parent=124703"}],"wp:term":[{"taxonomy":"category","embeddable":true,"href":"https:\/\/eldiariodesanpedro.com.ar\/sitio\/wp-json\/wp\/v2\/categories?post=124703"},{"taxonomy":"post_tag","embeddable":true,"href":"https:\/\/eldiariodesanpedro.com.ar\/sitio\/wp-json\/wp\/v2\/tags?post=124703"}],"curies":[{"name":"wp","href":"https:\/\/api.w.org\/{rel}","templated":true}]}}