{"id":124696,"date":"2023-12-19T13:51:35","date_gmt":"2023-12-19T16:51:35","guid":{"rendered":"https:\/\/eldiariodesanpedro.com.ar\/sitio\/?p=124696"},"modified":"2023-12-19T13:51:37","modified_gmt":"2023-12-19T16:51:37","slug":"un-ciudadano-aprehendido-en-estado-de-ebriedad","status":"publish","type":"post","link":"https:\/\/eldiariodesanpedro.com.ar\/sitio\/un-ciudadano-aprehendido-en-estado-de-ebriedad\/","title":{"rendered":"Un ciudadano aprehendido en estado de ebriedad"},"content":{"rendered":"<!-- VideographyWP Plugin Message: Automatic video embedding prevented by plugin options. -->\n\n<p>En la madrugada de hoy, el personal policial de la comisaria local llev\u00f3 a cabo recorridas preventivas en la intersecci\u00f3n de las calles Hermano Indio y G\u00fcemes. Durante la operaci\u00f3n, se procedi\u00f3 a la aprehensi\u00f3n de un individuo de 21 a\u00f1os que se encontraba en estado de embriaguez, perturbando el orden p\u00fablico. El sujeto fue notificado y posteriormente recuper\u00f3 su libertad. La intervenci\u00f3n correspondiente est\u00e1 a cargo del Juzgado de Paz local.<\/p>\n","protected":false},"excerpt":{"rendered":"<p>En la madrugada de hoy, el personal policial de la comisaria local llev\u00f3 a cabo recorridas preventivas en la intersecci\u00f3n de las calles Hermano Indio y G\u00fcemes. Durante la operaci\u00f3n, se procedi\u00f3 a la aprehensi\u00f3n de un individuo de 21 a\u00f1os que se encontraba en estado de embriaguez, perturbando el orden p\u00fablico. El sujeto fue [&hellip;]<\/p>\n","protected":false},"author":4,"featured_media":124697,"comment_status":"closed","ping_status":"closed","sticky":false,"template":"","format":"standard","meta":{"om_disable_all_campaigns":false,"_jetpack_memberships_contains_paid_content":false,"footnotes":""},"categories":[2,103],"tags":[197,33,95,19],"class_list":["post-124696","post","type-post","status-publish","format-standard","has-post-thumbnail","hentry","category-locales","category-policiales-locales","tag-buenos-aires","tag-locales","tag-policiales","tag-san-pedro"],"aioseo_notices":[],"gutentor_comment":0,"jetpack_featured_media_url":"https:\/\/eldiariodesanpedro.com.ar\/sitio\/wp-content\/uploads\/2023\/12\/medida-14.png","jetpack_shortlink":"https:\/\/wp.me\/p6RhLt-wre","jetpack_sharing_enabled":true,"_links":{"self":[{"href":"https:\/\/eldiariodesanpedro.com.ar\/sitio\/wp-json\/wp\/v2\/posts\/124696","targetHints":{"allow":["GET"]}}],"collection":[{"href":"https:\/\/eldiariodesanpedro.com.ar\/sitio\/wp-json\/wp\/v2\/posts"}],"about":[{"href":"https:\/\/eldiariodesanpedro.com.ar\/sitio\/wp-json\/wp\/v2\/types\/post"}],"author":[{"embeddable":true,"href":"https:\/\/eldiariodesanpedro.com.ar\/sitio\/wp-json\/wp\/v2\/users\/4"}],"replies":[{"embeddable":true,"href":"https:\/\/eldiariodesanpedro.com.ar\/sitio\/wp-json\/wp\/v2\/comments?post=124696"}],"version-history":[{"count":1,"href":"https:\/\/eldiariodesanpedro.com.ar\/sitio\/wp-json\/wp\/v2\/posts\/124696\/revisions"}],"predecessor-version":[{"id":124698,"href":"https:\/\/eldiariodesanpedro.com.ar\/sitio\/wp-json\/wp\/v2\/posts\/124696\/revisions\/124698"}],"wp:featuredmedia":[{"embeddable":true,"href":"https:\/\/eldiariodesanpedro.com.ar\/sitio\/wp-json\/wp\/v2\/media\/124697"}],"wp:attachment":[{"href":"https:\/\/eldiariodesanpedro.com.ar\/sitio\/wp-json\/wp\/v2\/media?parent=124696"}],"wp:term":[{"taxonomy":"category","embeddable":true,"href":"https:\/\/eldiariodesanpedro.com.ar\/sitio\/wp-json\/wp\/v2\/categories?post=124696"},{"taxonomy":"post_tag","embeddable":true,"href":"https:\/\/eldiariodesanpedro.com.ar\/sitio\/wp-json\/wp\/v2\/tags?post=124696"}],"curies":[{"name":"wp","href":"https:\/\/api.w.org\/{rel}","templated":true}]}}