{"id":124693,"date":"2023-12-19T13:32:23","date_gmt":"2023-12-19T16:32:23","guid":{"rendered":"https:\/\/eldiariodesanpedro.com.ar\/sitio\/?p=124693"},"modified":"2023-12-19T13:32:27","modified_gmt":"2023-12-19T16:32:27","slug":"allanamiento-exitoso-en-domicilio-tras-investigacion-por-desobediencia-y-amenazas","status":"publish","type":"post","link":"https:\/\/eldiariodesanpedro.com.ar\/sitio\/allanamiento-exitoso-en-domicilio-tras-investigacion-por-desobediencia-y-amenazas\/","title":{"rendered":"Allanamiento exitoso en domicilio tras investigaci\u00f3n por desobediencia y amenazas"},"content":{"rendered":"<!-- VideographyWP Plugin Message: Automatic video embedding prevented by plugin options. -->\n\n<p>En el d\u00eda de ayer, el Grupo T\u00e1ctico Operativo llev\u00f3 a cabo un allanamiento en un domicilio de la calle Liniers al 1100, en respuesta a una investigaci\u00f3n por desobediencia, amenazas, aprehensi\u00f3n y secuestro denunciados en la Comisar\u00eda de la Mujer y la Familia. La orden fue diligenciada por la fiscal\u00eda N\u00b0 11. Durante la diligencia, se logr\u00f3 el secuestro de un tel\u00e9fono celular Motorola G20 relevante para la causa. El individuo de 34 a\u00f1os de edad, residente en el lugar, fue notificado de la formaci\u00f3n de la causa a cargo de la UFI 11.<\/p>\n","protected":false},"excerpt":{"rendered":"<p>En el d\u00eda de ayer, el Grupo T\u00e1ctico Operativo llev\u00f3 a cabo un allanamiento en un domicilio de la calle Liniers al 1100, en respuesta a una investigaci\u00f3n por desobediencia, amenazas, aprehensi\u00f3n y secuestro denunciados en la Comisar\u00eda de la Mujer y la Familia. La orden fue diligenciada por la fiscal\u00eda N\u00b0 11. Durante la [&hellip;]<\/p>\n","protected":false},"author":4,"featured_media":124694,"comment_status":"closed","ping_status":"closed","sticky":false,"template":"","format":"standard","meta":{"om_disable_all_campaigns":false,"_jetpack_memberships_contains_paid_content":false,"footnotes":""},"categories":[2,103],"tags":[197,33,95,19],"class_list":["post-124693","post","type-post","status-publish","format-standard","has-post-thumbnail","hentry","category-locales","category-policiales-locales","tag-buenos-aires","tag-locales","tag-policiales","tag-san-pedro"],"aioseo_notices":[],"gutentor_comment":0,"jetpack_featured_media_url":"https:\/\/eldiariodesanpedro.com.ar\/sitio\/wp-content\/uploads\/2023\/12\/4.jpg","jetpack_shortlink":"https:\/\/wp.me\/p6RhLt-wrb","jetpack_sharing_enabled":true,"_links":{"self":[{"href":"https:\/\/eldiariodesanpedro.com.ar\/sitio\/wp-json\/wp\/v2\/posts\/124693","targetHints":{"allow":["GET"]}}],"collection":[{"href":"https:\/\/eldiariodesanpedro.com.ar\/sitio\/wp-json\/wp\/v2\/posts"}],"about":[{"href":"https:\/\/eldiariodesanpedro.com.ar\/sitio\/wp-json\/wp\/v2\/types\/post"}],"author":[{"embeddable":true,"href":"https:\/\/eldiariodesanpedro.com.ar\/sitio\/wp-json\/wp\/v2\/users\/4"}],"replies":[{"embeddable":true,"href":"https:\/\/eldiariodesanpedro.com.ar\/sitio\/wp-json\/wp\/v2\/comments?post=124693"}],"version-history":[{"count":1,"href":"https:\/\/eldiariodesanpedro.com.ar\/sitio\/wp-json\/wp\/v2\/posts\/124693\/revisions"}],"predecessor-version":[{"id":124695,"href":"https:\/\/eldiariodesanpedro.com.ar\/sitio\/wp-json\/wp\/v2\/posts\/124693\/revisions\/124695"}],"wp:featuredmedia":[{"embeddable":true,"href":"https:\/\/eldiariodesanpedro.com.ar\/sitio\/wp-json\/wp\/v2\/media\/124694"}],"wp:attachment":[{"href":"https:\/\/eldiariodesanpedro.com.ar\/sitio\/wp-json\/wp\/v2\/media?parent=124693"}],"wp:term":[{"taxonomy":"category","embeddable":true,"href":"https:\/\/eldiariodesanpedro.com.ar\/sitio\/wp-json\/wp\/v2\/categories?post=124693"},{"taxonomy":"post_tag","embeddable":true,"href":"https:\/\/eldiariodesanpedro.com.ar\/sitio\/wp-json\/wp\/v2\/tags?post=124693"}],"curies":[{"name":"wp","href":"https:\/\/api.w.org\/{rel}","templated":true}]}}