{"id":124690,"date":"2023-12-19T12:12:09","date_gmt":"2023-12-19T15:12:09","guid":{"rendered":"https:\/\/eldiariodesanpedro.com.ar\/sitio\/?p=124690"},"modified":"2023-12-19T12:12:11","modified_gmt":"2023-12-19T15:12:11","slug":"allanamiento-por-hecho-de-hurto-y-secuestro-resultados-positivos-en-domicilio-de-joven-con-antecedentes","status":"publish","type":"post","link":"https:\/\/eldiariodesanpedro.com.ar\/sitio\/allanamiento-por-hecho-de-hurto-y-secuestro-resultados-positivos-en-domicilio-de-joven-con-antecedentes\/","title":{"rendered":"Allanamiento por Hecho de Hurto y Secuestro: Resultados Positivos en Domicilio de Joven con Antecedentes"},"content":{"rendered":"<!-- VideographyWP Plugin Message: Automatic video embedding prevented by plugin options. -->\n\n<p>En el d\u00eda de ayer, el Grupo T\u00e1ctico Operativo (GTO) llev\u00f3 a cabo un allanamiento en un domicilio ubicado en calle Las Provincias al 2400 de esta ciudad, como parte de una investigaci\u00f3n por un hecho de hurto. La orden de allanamiento fue diligenciada a solicitud de la fiscal\u00eda N\u00b0 07. La acci\u00f3n tuvo lugar en la vivienda de un joven de 20 a\u00f1os con antecedentes delictivos.<\/p>\n\n\n\n<p>El resultado del allanamiento fue positivo, ya que se logr\u00f3 el secuestro de dinero en efectivo, un perfume y una garrafa que la v\u00edctima hab\u00eda denunciado como de su propiedad. El individuo sindicado fue debidamente notificado sobre la formaci\u00f3n de la causa, la cual est\u00e1 siendo gestionada por la Unidad Fiscal de Instrucci\u00f3n (UFI) 07.<\/p>\n","protected":false},"excerpt":{"rendered":"<p>En el d\u00eda de ayer, el Grupo T\u00e1ctico Operativo (GTO) llev\u00f3 a cabo un allanamiento en un domicilio ubicado en calle Las Provincias al 2400 de esta ciudad, como parte de una investigaci\u00f3n por un hecho de hurto. La orden de allanamiento fue diligenciada a solicitud de la fiscal\u00eda N\u00b0 07. La acci\u00f3n tuvo lugar [&hellip;]<\/p>\n","protected":false},"author":4,"featured_media":124691,"comment_status":"closed","ping_status":"closed","sticky":false,"template":"","format":"standard","meta":{"om_disable_all_campaigns":false,"_jetpack_memberships_contains_paid_content":false,"footnotes":""},"categories":[2,103],"tags":[197,33,95,19],"class_list":["post-124690","post","type-post","status-publish","format-standard","has-post-thumbnail","hentry","category-locales","category-policiales-locales","tag-buenos-aires","tag-locales","tag-policiales","tag-san-pedro"],"aioseo_notices":[],"gutentor_comment":0,"jetpack_featured_media_url":"https:\/\/eldiariodesanpedro.com.ar\/sitio\/wp-content\/uploads\/2023\/12\/medida-13.png","jetpack_shortlink":"https:\/\/wp.me\/p6RhLt-wr8","jetpack_sharing_enabled":true,"_links":{"self":[{"href":"https:\/\/eldiariodesanpedro.com.ar\/sitio\/wp-json\/wp\/v2\/posts\/124690","targetHints":{"allow":["GET"]}}],"collection":[{"href":"https:\/\/eldiariodesanpedro.com.ar\/sitio\/wp-json\/wp\/v2\/posts"}],"about":[{"href":"https:\/\/eldiariodesanpedro.com.ar\/sitio\/wp-json\/wp\/v2\/types\/post"}],"author":[{"embeddable":true,"href":"https:\/\/eldiariodesanpedro.com.ar\/sitio\/wp-json\/wp\/v2\/users\/4"}],"replies":[{"embeddable":true,"href":"https:\/\/eldiariodesanpedro.com.ar\/sitio\/wp-json\/wp\/v2\/comments?post=124690"}],"version-history":[{"count":1,"href":"https:\/\/eldiariodesanpedro.com.ar\/sitio\/wp-json\/wp\/v2\/posts\/124690\/revisions"}],"predecessor-version":[{"id":124692,"href":"https:\/\/eldiariodesanpedro.com.ar\/sitio\/wp-json\/wp\/v2\/posts\/124690\/revisions\/124692"}],"wp:featuredmedia":[{"embeddable":true,"href":"https:\/\/eldiariodesanpedro.com.ar\/sitio\/wp-json\/wp\/v2\/media\/124691"}],"wp:attachment":[{"href":"https:\/\/eldiariodesanpedro.com.ar\/sitio\/wp-json\/wp\/v2\/media?parent=124690"}],"wp:term":[{"taxonomy":"category","embeddable":true,"href":"https:\/\/eldiariodesanpedro.com.ar\/sitio\/wp-json\/wp\/v2\/categories?post=124690"},{"taxonomy":"post_tag","embeddable":true,"href":"https:\/\/eldiariodesanpedro.com.ar\/sitio\/wp-json\/wp\/v2\/tags?post=124690"}],"curies":[{"name":"wp","href":"https:\/\/api.w.org\/{rel}","templated":true}]}}