{"id":124688,"date":"2023-12-19T11:54:30","date_gmt":"2023-12-19T14:54:30","guid":{"rendered":"https:\/\/eldiariodesanpedro.com.ar\/sitio\/?p=124688"},"modified":"2023-12-19T11:54:32","modified_gmt":"2023-12-19T14:54:32","slug":"agresion-por-deuda-hombre-de-32-anos-atacado-en-santa-lucia","status":"publish","type":"post","link":"https:\/\/eldiariodesanpedro.com.ar\/sitio\/agresion-por-deuda-hombre-de-32-anos-atacado-en-santa-lucia\/","title":{"rendered":"Agresi\u00f3n por deuda: hombre de 32 a\u00f1os atacado en Santa Luc\u00eda"},"content":{"rendered":"<!-- VideographyWP Plugin Message: Automatic video embedding prevented by plugin options. -->\n\n<p>Ayer lunes por la tarde, un hombre de 32 a\u00f1os denunci\u00f3 que el s\u00e1bado pasado fue agredido en su domicilio ubicado en Sargento Cabral al 300, Santa Luc\u00eda. <\/p>\n\n\n\n<p>El agresor, un hombre de 31 a\u00f1os, lo atac\u00f3 debido a una deuda pendiente. La v\u00edctima sufri\u00f3 lesiones leves en el rostro, y el incidente fue reportado en el destacamento policial. La UFI 07 est\u00e1 a cargo de la investigaci\u00f3n.<\/p>\n","protected":false},"excerpt":{"rendered":"<p>Ayer lunes por la tarde, un hombre de 32 a\u00f1os denunci\u00f3 que el s\u00e1bado pasado fue agredido en su domicilio ubicado en Sargento Cabral al 300, Santa Luc\u00eda. El agresor, un hombre de 31 a\u00f1os, lo atac\u00f3 debido a una deuda pendiente. La v\u00edctima sufri\u00f3 lesiones leves en el rostro, y el incidente fue reportado [&hellip;]<\/p>\n","protected":false},"author":4,"featured_media":76416,"comment_status":"closed","ping_status":"closed","sticky":false,"template":"","format":"standard","meta":{"om_disable_all_campaigns":false,"_jetpack_memberships_contains_paid_content":false,"footnotes":""},"categories":[2,103],"tags":[],"class_list":["post-124688","post","type-post","status-publish","format-standard","has-post-thumbnail","hentry","category-locales","category-policiales-locales"],"aioseo_notices":[],"gutentor_comment":0,"jetpack_featured_media_url":"https:\/\/eldiariodesanpedro.com.ar\/sitio\/wp-content\/uploads\/2020\/06\/destacamento_policial_santa_lucia.jpg","jetpack_shortlink":"https:\/\/wp.me\/p6RhLt-wr6","jetpack_sharing_enabled":true,"_links":{"self":[{"href":"https:\/\/eldiariodesanpedro.com.ar\/sitio\/wp-json\/wp\/v2\/posts\/124688","targetHints":{"allow":["GET"]}}],"collection":[{"href":"https:\/\/eldiariodesanpedro.com.ar\/sitio\/wp-json\/wp\/v2\/posts"}],"about":[{"href":"https:\/\/eldiariodesanpedro.com.ar\/sitio\/wp-json\/wp\/v2\/types\/post"}],"author":[{"embeddable":true,"href":"https:\/\/eldiariodesanpedro.com.ar\/sitio\/wp-json\/wp\/v2\/users\/4"}],"replies":[{"embeddable":true,"href":"https:\/\/eldiariodesanpedro.com.ar\/sitio\/wp-json\/wp\/v2\/comments?post=124688"}],"version-history":[{"count":1,"href":"https:\/\/eldiariodesanpedro.com.ar\/sitio\/wp-json\/wp\/v2\/posts\/124688\/revisions"}],"predecessor-version":[{"id":124689,"href":"https:\/\/eldiariodesanpedro.com.ar\/sitio\/wp-json\/wp\/v2\/posts\/124688\/revisions\/124689"}],"wp:featuredmedia":[{"embeddable":true,"href":"https:\/\/eldiariodesanpedro.com.ar\/sitio\/wp-json\/wp\/v2\/media\/76416"}],"wp:attachment":[{"href":"https:\/\/eldiariodesanpedro.com.ar\/sitio\/wp-json\/wp\/v2\/media?parent=124688"}],"wp:term":[{"taxonomy":"category","embeddable":true,"href":"https:\/\/eldiariodesanpedro.com.ar\/sitio\/wp-json\/wp\/v2\/categories?post=124688"},{"taxonomy":"post_tag","embeddable":true,"href":"https:\/\/eldiariodesanpedro.com.ar\/sitio\/wp-json\/wp\/v2\/tags?post=124688"}],"curies":[{"name":"wp","href":"https:\/\/api.w.org\/{rel}","templated":true}]}}