{"id":124686,"date":"2023-12-19T11:29:09","date_gmt":"2023-12-19T14:29:09","guid":{"rendered":"https:\/\/eldiariodesanpedro.com.ar\/sitio\/?p=124686"},"modified":"2023-12-19T11:29:11","modified_gmt":"2023-12-19T14:29:11","slug":"operativo-de-asistencia-en-san-pedro-ante-creciente-del-rio-parana-coordinacion-municipal-con-defensa-civil-y-prefectura-en-zona-de-islas","status":"publish","type":"post","link":"https:\/\/eldiariodesanpedro.com.ar\/sitio\/operativo-de-asistencia-en-san-pedro-ante-creciente-del-rio-parana-coordinacion-municipal-con-defensa-civil-y-prefectura-en-zona-de-islas\/","title":{"rendered":"Operativo de Asistencia en San Pedro ante Creciente del R\u00edo Paran\u00e1: Coordinaci\u00f3n Municipal con Defensa Civil y Prefectura en Zona de Islas"},"content":{"rendered":"<!-- VideographyWP Plugin Message: Automatic video embedding prevented by plugin options. -->\n\n<p>La Municipalidad de San Pedro, en coordinaci\u00f3n con Defensa Civil y Prefectura, ha iniciado un operativo para asistir a las familias afectadas por la creciente del R\u00edo Paran\u00e1, causada por la sudestada y el aumento del nivel del agua. El hidr\u00f3metro del puerto de San Pedro registr\u00f3 una altura de 3,08 metros con tendencia creciente.<\/p>\n\n\n\n<p>Walter S\u00e1nchez, Secretario de Desarrollo de la Comunidad, inform\u00f3 que se monitorea la situaci\u00f3n de dos familias en la zona de islas frente al sector de atraque de las balsas, en el riacho Baradero. Fabio Giovanettoni, Director de Defensa Civil, se moviliz\u00f3 en una lancha de Prefectura para evaluar la necesidad de evacuaci\u00f3n o autoevacuaci\u00f3n.<\/p>\n\n\n\n<p>Se realizar\u00e1 un relevamiento en todo el territorio insular entre Vuelta de Obligado y la escuela de Los Laureles. La Municipalidad, a trav\u00e9s de Defensa Civil y en colaboraci\u00f3n con otras fuerzas de seguridad, destaca el aumento significativo en el nivel del r\u00edo, superando los 3 metros y avanzando m\u00e1s de 30 cent\u00edmetros desde el \u00faltimo registro debido a fen\u00f3menos meteorol\u00f3gicos recientes.<\/p>\n\n\n\n<p>Aunque se espera que el fen\u00f3meno sea temporal, se han tomado medidas preventivas para la navegaci\u00f3n en conjunto con Prefectura. Se realizar\u00e1 un nuevo relevamiento con las primeras luces del d\u00eda, especialmente en sectores habitados que puedan requerir asistencia a trav\u00e9s de la Secretar\u00eda de Desarrollo de la Comunidad.<\/p>\n\n\n\n<p>Se presta atenci\u00f3n a familias afectadas por voladura de techos, y el personal de Servicios P\u00fablicos y Defensa Civil ha retirado parcialmente \u00e1rboles y ramas afectados por la tormenta, reanudando su tarea ma\u00f1ana. En colaboraci\u00f3n con la Secretar\u00eda de Salud, se trabaja para reanudar gradualmente las prestaciones del Hospital de Santa Luc\u00eda, asegurando la atenci\u00f3n de los adultos mayores.<\/p>\n\n\n\n<p>Se agradece la labor de todos los involucrados en el operativo, que continuar\u00e1 con seguimiento constante del Intendente Cecilio Salazar y los secretarios del gobierno municipal. Para solicitudes y consultas, la l\u00ednea central es el 103.<\/p>\n","protected":false},"excerpt":{"rendered":"<p>La Municipalidad de San Pedro, en coordinaci\u00f3n con Defensa Civil y Prefectura, ha iniciado un operativo para asistir a las familias afectadas por la creciente del R\u00edo Paran\u00e1, causada por la sudestada y el aumento del nivel del agua. El hidr\u00f3metro del puerto de San Pedro registr\u00f3 una altura de 3,08 metros con tendencia creciente. [&hellip;]<\/p>\n","protected":false},"author":4,"featured_media":70934,"comment_status":"closed","ping_status":"closed","sticky":false,"template":"","format":"standard","meta":{"om_disable_all_campaigns":false,"_jetpack_memberships_contains_paid_content":false,"footnotes":""},"categories":[50,101,2],"tags":[],"class_list":["post-124686","post","type-post","status-publish","format-standard","has-post-thumbnail","hentry","category-destacadas","category-interes-general-locales","category-locales"],"aioseo_notices":[],"gutentor_comment":0,"jetpack_featured_media_url":"https:\/\/eldiariodesanpedro.com.ar\/sitio\/wp-content\/uploads\/2020\/03\/inundaciones_cruz_roja_0.jpg","jetpack_shortlink":"https:\/\/wp.me\/p6RhLt-wr4","jetpack_sharing_enabled":true,"_links":{"self":[{"href":"https:\/\/eldiariodesanpedro.com.ar\/sitio\/wp-json\/wp\/v2\/posts\/124686","targetHints":{"allow":["GET"]}}],"collection":[{"href":"https:\/\/eldiariodesanpedro.com.ar\/sitio\/wp-json\/wp\/v2\/posts"}],"about":[{"href":"https:\/\/eldiariodesanpedro.com.ar\/sitio\/wp-json\/wp\/v2\/types\/post"}],"author":[{"embeddable":true,"href":"https:\/\/eldiariodesanpedro.com.ar\/sitio\/wp-json\/wp\/v2\/users\/4"}],"replies":[{"embeddable":true,"href":"https:\/\/eldiariodesanpedro.com.ar\/sitio\/wp-json\/wp\/v2\/comments?post=124686"}],"version-history":[{"count":1,"href":"https:\/\/eldiariodesanpedro.com.ar\/sitio\/wp-json\/wp\/v2\/posts\/124686\/revisions"}],"predecessor-version":[{"id":124687,"href":"https:\/\/eldiariodesanpedro.com.ar\/sitio\/wp-json\/wp\/v2\/posts\/124686\/revisions\/124687"}],"wp:featuredmedia":[{"embeddable":true,"href":"https:\/\/eldiariodesanpedro.com.ar\/sitio\/wp-json\/wp\/v2\/media\/70934"}],"wp:attachment":[{"href":"https:\/\/eldiariodesanpedro.com.ar\/sitio\/wp-json\/wp\/v2\/media?parent=124686"}],"wp:term":[{"taxonomy":"category","embeddable":true,"href":"https:\/\/eldiariodesanpedro.com.ar\/sitio\/wp-json\/wp\/v2\/categories?post=124686"},{"taxonomy":"post_tag","embeddable":true,"href":"https:\/\/eldiariodesanpedro.com.ar\/sitio\/wp-json\/wp\/v2\/tags?post=124686"}],"curies":[{"name":"wp","href":"https:\/\/api.w.org\/{rel}","templated":true}]}}