{"id":124684,"date":"2023-12-19T10:52:11","date_gmt":"2023-12-19T13:52:11","guid":{"rendered":"https:\/\/eldiariodesanpedro.com.ar\/sitio\/?p=124684"},"modified":"2023-12-19T10:52:14","modified_gmt":"2023-12-19T13:52:14","slug":"el-ejecutivo-solicito-en-el-presupuesto-un-aumento-de-100-de-las-tasas-municipales","status":"publish","type":"post","link":"https:\/\/eldiariodesanpedro.com.ar\/sitio\/el-ejecutivo-solicito-en-el-presupuesto-un-aumento-de-100-de-las-tasas-municipales\/","title":{"rendered":"El ejecutivo solicito en el presupuesto un aumento de 100% de las tasas municipales"},"content":{"rendered":"<!-- VideographyWP Plugin Message: Automatic video embedding prevented by plugin options. -->\n\n<p>La Ordenanza Impositiva del presupuesto 2024 y la Ordenanza Fiscal fueron presentadas, destacando un aumento promedio del 100% en tasas municipales. Este ajuste afectar\u00e1 \u00e1reas como Alumbrado, Barrido, Limpieza y Conservaci\u00f3n de la V\u00eda P\u00fablica, Servicios Sanitarios, Red Vial y Seguridad e Higiene, abarcando todas sus variantes.<\/p>\n\n\n\n<p>Con el prop\u00f3sito de fomentar la regularizaci\u00f3n y apertura de comercios, la normativa establece la exenci\u00f3n de la tasa de habilitaci\u00f3n de comercios e industrias en general. Asimismo, se duplicar\u00e1n las tasas por Control de Marcas y Se\u00f1ales, Derechos de Publicidad y Propaganda, Derechos de Construcci\u00f3n, Derechos de Cementerio y Derechos de Oficina, Ocupaci\u00f3n o Uso de Espacios P\u00fablicos y Habilitaci\u00f3n de Antenas y Estructuras.<\/p>\n\n\n\n<p>En el \u00e1mbito de la patente de automotores, se contempla el incremento para veh\u00edculos modelo 2013, eximiendo a los del 2002 y anteriores.<\/p>\n\n\n\n<p>La Ordenanza Impositiva concede al Departamento Ejecutivo Municipal la autorizaci\u00f3n para establecer bonificaciones especiales durante desastres o emergencias naturales, as\u00ed como ajustar tasas, derechos, patentes, c\u00e1nones y\/o contribuciones en momentos de crisis econ\u00f3mica que excedan la gesti\u00f3n municipal.<\/p>\n\n\n\n<p>En los considerandos, se plantea la continuidad de la pol\u00edtica para el a\u00f1o 2024, buscando optimizar la recaudaci\u00f3n y ampliar la base tributaria mediante fiscalizaciones constantes y la aplicaci\u00f3n de convenios con Organismos Nacionales y Provinciales, contribuyendo al mejor financiamiento del Presupuesto Municipal.<\/p>\n\n\n\n<p>Este proyecto ser\u00e1 objeto de an\u00e1lisis y posterior tratamiento en sesi\u00f3n por parte de los concejales municipales antes de pasar a la asamblea de mayores contribuyentes.<\/p>\n","protected":false},"excerpt":{"rendered":"<p>La Ordenanza Impositiva del presupuesto 2024 y la Ordenanza Fiscal fueron presentadas, destacando un aumento promedio del 100% en tasas municipales. Este ajuste afectar\u00e1 \u00e1reas como Alumbrado, Barrido, Limpieza y Conservaci\u00f3n de la V\u00eda P\u00fablica, Servicios Sanitarios, Red Vial y Seguridad e Higiene, abarcando todas sus variantes. Con el prop\u00f3sito de fomentar la regularizaci\u00f3n y [&hellip;]<\/p>\n","protected":false},"author":4,"featured_media":3907,"comment_status":"closed","ping_status":"closed","sticky":false,"template":"","format":"standard","meta":{"om_disable_all_campaigns":false,"_jetpack_memberships_contains_paid_content":false,"footnotes":""},"categories":[50,101,2],"tags":[197,696,33,19],"class_list":["post-124684","post","type-post","status-publish","format-standard","has-post-thumbnail","hentry","category-destacadas","category-interes-general-locales","category-locales","tag-buenos-aires","tag-interes-general","tag-locales","tag-san-pedro"],"aioseo_notices":[],"gutentor_comment":0,"jetpack_featured_media_url":"https:\/\/eldiariodesanpedro.com.ar\/sitio\/wp-content\/uploads\/2016\/05\/rentas.jpg","jetpack_shortlink":"https:\/\/wp.me\/p6RhLt-wr2","jetpack_sharing_enabled":true,"_links":{"self":[{"href":"https:\/\/eldiariodesanpedro.com.ar\/sitio\/wp-json\/wp\/v2\/posts\/124684","targetHints":{"allow":["GET"]}}],"collection":[{"href":"https:\/\/eldiariodesanpedro.com.ar\/sitio\/wp-json\/wp\/v2\/posts"}],"about":[{"href":"https:\/\/eldiariodesanpedro.com.ar\/sitio\/wp-json\/wp\/v2\/types\/post"}],"author":[{"embeddable":true,"href":"https:\/\/eldiariodesanpedro.com.ar\/sitio\/wp-json\/wp\/v2\/users\/4"}],"replies":[{"embeddable":true,"href":"https:\/\/eldiariodesanpedro.com.ar\/sitio\/wp-json\/wp\/v2\/comments?post=124684"}],"version-history":[{"count":1,"href":"https:\/\/eldiariodesanpedro.com.ar\/sitio\/wp-json\/wp\/v2\/posts\/124684\/revisions"}],"predecessor-version":[{"id":124685,"href":"https:\/\/eldiariodesanpedro.com.ar\/sitio\/wp-json\/wp\/v2\/posts\/124684\/revisions\/124685"}],"wp:featuredmedia":[{"embeddable":true,"href":"https:\/\/eldiariodesanpedro.com.ar\/sitio\/wp-json\/wp\/v2\/media\/3907"}],"wp:attachment":[{"href":"https:\/\/eldiariodesanpedro.com.ar\/sitio\/wp-json\/wp\/v2\/media?parent=124684"}],"wp:term":[{"taxonomy":"category","embeddable":true,"href":"https:\/\/eldiariodesanpedro.com.ar\/sitio\/wp-json\/wp\/v2\/categories?post=124684"},{"taxonomy":"post_tag","embeddable":true,"href":"https:\/\/eldiariodesanpedro.com.ar\/sitio\/wp-json\/wp\/v2\/tags?post=124684"}],"curies":[{"name":"wp","href":"https:\/\/api.w.org\/{rel}","templated":true}]}}