{"id":124680,"date":"2023-12-19T10:41:29","date_gmt":"2023-12-19T13:41:29","guid":{"rendered":"https:\/\/eldiariodesanpedro.com.ar\/sitio\/?p=124680"},"modified":"2023-12-19T10:41:33","modified_gmt":"2023-12-19T13:41:33","slug":"logros-destacados-de-la-artista-mariana-maroli-en-el-2023","status":"publish","type":"post","link":"https:\/\/eldiariodesanpedro.com.ar\/sitio\/logros-destacados-de-la-artista-mariana-maroli-en-el-2023\/","title":{"rendered":"Logros Destacados de la Artista Mariana Maroli en el 2023"},"content":{"rendered":"<!-- VideographyWP Plugin Message: Automatic video embedding prevented by plugin options. -->\n\n<p>La reconocida artista hizo una evaluaci\u00f3n de todo lo acontecido a lo largo del a\u00f1o, donde recibi\u00f3 premios y muchos reconocimientos.<\/p>\n\n\n\n<p>La artista pl\u00e1stica Mariana Maroli evalu\u00f3 los acontecimientos del a\u00f1o en una entrevista con FM G\u00e9nesis y San Pedro Informa. Durante el 2023, recibi\u00f3 premios y reconocimientos destacados, incluida una invitaci\u00f3n para participar en la premiaci\u00f3n de un concurso en Corea, donde Argentina gan\u00f3 el primer premio en la categor\u00eda de escultura. Adem\u00e1s, Maroli particip\u00f3 en el evento \u00abEl Despertar de la Conciencia\u00bb en Catamarca, donde ofreci\u00f3 una charla y recibi\u00f3 reconocimiento por su trabajo y los murales solidarios.<\/p>\n\n\n\n<p>En noviembre, fue galardonada con el Premio del Nevado Solidario de Oro en San Rafael, Mendoza, por \u00abRulo\u00bb Ortubia y su equipo. Cerrando el a\u00f1o, Maroli realiz\u00f3 la restauraci\u00f3n de los \u00e1ngeles que custodiar\u00e1n el nacimiento del ni\u00f1o Jes\u00fas en la Navidad.<\/p>\n","protected":false},"excerpt":{"rendered":"<p>La reconocida artista hizo una evaluaci\u00f3n de todo lo acontecido a lo largo del a\u00f1o, donde recibi\u00f3 premios y muchos reconocimientos. La artista pl\u00e1stica Mariana Maroli evalu\u00f3 los acontecimientos del a\u00f1o en una entrevista con FM G\u00e9nesis y San Pedro Informa. Durante el 2023, recibi\u00f3 premios y reconocimientos destacados, incluida una invitaci\u00f3n para participar en [&hellip;]<\/p>\n","protected":false},"author":4,"featured_media":124681,"comment_status":"closed","ping_status":"closed","sticky":false,"template":"","format":"standard","meta":{"om_disable_all_campaigns":false,"_jetpack_memberships_contains_paid_content":false,"footnotes":""},"categories":[101,2],"tags":[197,696,33,19],"class_list":["post-124680","post","type-post","status-publish","format-standard","has-post-thumbnail","hentry","category-interes-general-locales","category-locales","tag-buenos-aires","tag-interes-general","tag-locales","tag-san-pedro"],"aioseo_notices":[],"gutentor_comment":0,"jetpack_featured_media_url":"https:\/\/eldiariodesanpedro.com.ar\/sitio\/wp-content\/uploads\/2023\/12\/0000022393-resized-1920x1080-1.jpg","jetpack_shortlink":"https:\/\/wp.me\/p6RhLt-wqY","jetpack_sharing_enabled":true,"_links":{"self":[{"href":"https:\/\/eldiariodesanpedro.com.ar\/sitio\/wp-json\/wp\/v2\/posts\/124680","targetHints":{"allow":["GET"]}}],"collection":[{"href":"https:\/\/eldiariodesanpedro.com.ar\/sitio\/wp-json\/wp\/v2\/posts"}],"about":[{"href":"https:\/\/eldiariodesanpedro.com.ar\/sitio\/wp-json\/wp\/v2\/types\/post"}],"author":[{"embeddable":true,"href":"https:\/\/eldiariodesanpedro.com.ar\/sitio\/wp-json\/wp\/v2\/users\/4"}],"replies":[{"embeddable":true,"href":"https:\/\/eldiariodesanpedro.com.ar\/sitio\/wp-json\/wp\/v2\/comments?post=124680"}],"version-history":[{"count":1,"href":"https:\/\/eldiariodesanpedro.com.ar\/sitio\/wp-json\/wp\/v2\/posts\/124680\/revisions"}],"predecessor-version":[{"id":124682,"href":"https:\/\/eldiariodesanpedro.com.ar\/sitio\/wp-json\/wp\/v2\/posts\/124680\/revisions\/124682"}],"wp:featuredmedia":[{"embeddable":true,"href":"https:\/\/eldiariodesanpedro.com.ar\/sitio\/wp-json\/wp\/v2\/media\/124681"}],"wp:attachment":[{"href":"https:\/\/eldiariodesanpedro.com.ar\/sitio\/wp-json\/wp\/v2\/media?parent=124680"}],"wp:term":[{"taxonomy":"category","embeddable":true,"href":"https:\/\/eldiariodesanpedro.com.ar\/sitio\/wp-json\/wp\/v2\/categories?post=124680"},{"taxonomy":"post_tag","embeddable":true,"href":"https:\/\/eldiariodesanpedro.com.ar\/sitio\/wp-json\/wp\/v2\/tags?post=124680"}],"curies":[{"name":"wp","href":"https:\/\/api.w.org\/{rel}","templated":true}]}}