{"id":124677,"date":"2023-12-19T10:34:50","date_gmt":"2023-12-19T13:34:50","guid":{"rendered":"https:\/\/eldiariodesanpedro.com.ar\/sitio\/?p=124677"},"modified":"2023-12-19T10:34:52","modified_gmt":"2023-12-19T13:34:52","slug":"entrega-de-mochilas-y-kits-de-simulacion-clinica","status":"publish","type":"post","link":"https:\/\/eldiariodesanpedro.com.ar\/sitio\/entrega-de-mochilas-y-kits-de-simulacion-clinica\/","title":{"rendered":"Entrega de Mochilas y Kits de Simulaci\u00f3n Cl\u00ednica"},"content":{"rendered":"<!-- VideographyWP Plugin Message: Automatic video embedding prevented by plugin options. -->\n\n<p>La actividad tuvo como objetivo dotar a los alumnos de las herramientas esenciales para llevar a cabo sus pr\u00e1cticas de manera efectiva.<\/p>\n\n\n\n<p>El Intendente Cecilio Salazar encabez\u00f3 la entrega de mochilas y kits de simulaci\u00f3n cl\u00ednica a los estudiantes de la Tecnicatura Superior en Enfermer\u00eda del Instituto de Formaci\u00f3n T\u00e9cnica N\u00b0 118.<\/p>\n\n\n\n<p>La actividad tuvo como objetivo dotar a los alumnos de las herramientas esenciales para llevar a cabo sus pr\u00e1cticas de manera efectiva. Se distribuyeron 65 mochilas completas equipadas con estetoscopios, term\u00f3metros, ox\u00edmetros, lazos hemost\u00e1ticos y otros elementos para el correcto desarrollo de la atenci\u00f3n a los pacientes, reafirmando el compromiso del Intendente Cecilio Salazar con la formaci\u00f3n integral de los futuros profesionales de la salud y la importancia de brindar recursos adecuados para las pr\u00e1cticas profesionales que contribuyen al bienestar y desarrollo de la comunidad.<\/p>\n\n\n\n<p>Durante la entrega se incluyeron tambi\u00e9n varios kits de simulaci\u00f3n cl\u00ednica, compuestos por maniqu\u00edes y modelos anat\u00f3micos, buscando as\u00ed proporcionar a los estudiantes un set completo y de calidad de instrumentos de trabajo.<\/p>\n\n\n\n<p>Participaron junto al Jefe Comunal el Secretario de Deportes, Cultura, Turismo y Educaci\u00f3n, Mariano Arnal; la Jefa Distrital de Educaci\u00f3n, Lorena L\u00f3pez y el Secretario Coordinador del Consejo Provincial de Educaci\u00f3n y Trabajo, Alan Ocampo.<\/p>\n","protected":false},"excerpt":{"rendered":"<p>La actividad tuvo como objetivo dotar a los alumnos de las herramientas esenciales para llevar a cabo sus pr\u00e1cticas de manera efectiva. El Intendente Cecilio Salazar encabez\u00f3 la entrega de mochilas y kits de simulaci\u00f3n cl\u00ednica a los estudiantes de la Tecnicatura Superior en Enfermer\u00eda del Instituto de Formaci\u00f3n T\u00e9cnica N\u00b0 118. La actividad tuvo [&hellip;]<\/p>\n","protected":false},"author":4,"featured_media":124678,"comment_status":"closed","ping_status":"closed","sticky":false,"template":"","format":"standard","meta":{"om_disable_all_campaigns":false,"_jetpack_memberships_contains_paid_content":false,"footnotes":""},"categories":[101,2],"tags":[197,696,33,19],"class_list":["post-124677","post","type-post","status-publish","format-standard","has-post-thumbnail","hentry","category-interes-general-locales","category-locales","tag-buenos-aires","tag-interes-general","tag-locales","tag-san-pedro"],"aioseo_notices":[],"gutentor_comment":0,"jetpack_featured_media_url":"https:\/\/eldiariodesanpedro.com.ar\/sitio\/wp-content\/uploads\/2023\/12\/0000022394-resized-1920x1080-1.jpg","jetpack_shortlink":"https:\/\/wp.me\/p6RhLt-wqV","jetpack_sharing_enabled":true,"_links":{"self":[{"href":"https:\/\/eldiariodesanpedro.com.ar\/sitio\/wp-json\/wp\/v2\/posts\/124677","targetHints":{"allow":["GET"]}}],"collection":[{"href":"https:\/\/eldiariodesanpedro.com.ar\/sitio\/wp-json\/wp\/v2\/posts"}],"about":[{"href":"https:\/\/eldiariodesanpedro.com.ar\/sitio\/wp-json\/wp\/v2\/types\/post"}],"author":[{"embeddable":true,"href":"https:\/\/eldiariodesanpedro.com.ar\/sitio\/wp-json\/wp\/v2\/users\/4"}],"replies":[{"embeddable":true,"href":"https:\/\/eldiariodesanpedro.com.ar\/sitio\/wp-json\/wp\/v2\/comments?post=124677"}],"version-history":[{"count":1,"href":"https:\/\/eldiariodesanpedro.com.ar\/sitio\/wp-json\/wp\/v2\/posts\/124677\/revisions"}],"predecessor-version":[{"id":124679,"href":"https:\/\/eldiariodesanpedro.com.ar\/sitio\/wp-json\/wp\/v2\/posts\/124677\/revisions\/124679"}],"wp:featuredmedia":[{"embeddable":true,"href":"https:\/\/eldiariodesanpedro.com.ar\/sitio\/wp-json\/wp\/v2\/media\/124678"}],"wp:attachment":[{"href":"https:\/\/eldiariodesanpedro.com.ar\/sitio\/wp-json\/wp\/v2\/media?parent=124677"}],"wp:term":[{"taxonomy":"category","embeddable":true,"href":"https:\/\/eldiariodesanpedro.com.ar\/sitio\/wp-json\/wp\/v2\/categories?post=124677"},{"taxonomy":"post_tag","embeddable":true,"href":"https:\/\/eldiariodesanpedro.com.ar\/sitio\/wp-json\/wp\/v2\/tags?post=124677"}],"curies":[{"name":"wp","href":"https:\/\/api.w.org\/{rel}","templated":true}]}}